{"id":132,"date":"2021-09-28T09:00:00","date_gmt":"2021-09-28T07:00:00","guid":{"rendered":"https:\/\/www.buehnen.de\/blog\/?p=132"},"modified":"2024-08-20T10:25:18","modified_gmt":"2024-08-20T08:25:18","slug":"familienplaner-2021-oktober-wildeshauser-geest","status":"publish","type":"post","link":"https:\/\/www.buehnen.de\/blog\/familienplaner-2021-oktober-wildeshauser-geest\/","title":{"rendered":"Familienplaner 2021 \/ Oktober \u2013 \u201eWildeshauser Geest\u201c"},"content":{"rendered":"\n<p>In jedem Monat ziert das Foto eines unserer Mitarbeiter unseren Familienplaner 2021. Peter Appeldorn aus unserer Einkaufsabteilung unternimmt gerne Radwandertouren. In der <strong>Wildeshauser Geest<\/strong> entdeckte er dabei dieses idyllische Motiv mit <strong>Kornblumen<\/strong>:<\/p>\n\n\n\n<div class=\"wp-block-image\"><figure class=\"aligncenter size-large\"><img data-recalc-dims=\"1\" loading=\"lazy\" decoding=\"async\" width=\"734\" height=\"1024\" src=\"https:\/\/i0.wp.com\/www.buehnen.de\/blog\/wp-content\/uploads\/2021\/07\/Familienplaner_2021_Oktober.jpg?resize=734%2C1024&#038;ssl=1\" alt=\"\" class=\"wp-image-133\" srcset=\"https:\/\/i0.wp.com\/www.buehnen.de\/blog\/wp-content\/uploads\/2021\/07\/Familienplaner_2021_Oktober-scaled.jpg?resize=734%2C1024&amp;ssl=1 734w, https:\/\/i0.wp.com\/www.buehnen.de\/blog\/wp-content\/uploads\/2021\/07\/Familienplaner_2021_Oktober-scaled.jpg?resize=215%2C300&amp;ssl=1 215w, https:\/\/i0.wp.com\/www.buehnen.de\/blog\/wp-content\/uploads\/2021\/07\/Familienplaner_2021_Oktober-scaled.jpg?resize=768%2C1071&amp;ssl=1 768w, https:\/\/i0.wp.com\/www.buehnen.de\/blog\/wp-content\/uploads\/2021\/07\/Familienplaner_2021_Oktober-scaled.jpg?resize=1102%2C1536&amp;ssl=1 1102w, https:\/\/i0.wp.com\/www.buehnen.de\/blog\/wp-content\/uploads\/2021\/07\/Familienplaner_2021_Oktober-scaled.jpg?resize=1469%2C2048&amp;ssl=1 1469w, https:\/\/i0.wp.com\/www.buehnen.de\/blog\/wp-content\/uploads\/2021\/07\/Familienplaner_2021_Oktober-scaled.jpg?w=1836&amp;ssl=1 1836w, https:\/\/i0.wp.com\/www.buehnen.de\/blog\/wp-content\/uploads\/2021\/07\/Familienplaner_2021_Oktober-scaled.jpg?w=1720&amp;ssl=1 1720w\" sizes=\"auto, (max-width: 734px) 100vw, 734px\" \/><\/figure><\/div>\n\n\n\n<h3 class=\"wp-block-heading\">Peter Appeldorn<\/h3>\n\n\n\n<p>ist Disponent bei B\u00dcHNEN in der Abteilung Einkauf.<\/p>\n\n\n\n<h4 class=\"wp-block-heading\">Gerne unterwegs auf zwei R\u00e4dern<\/h4>\n\n\n\n<div class=\"wp-block-image\"><figure class=\"alignright size-full is-resized\"><img data-recalc-dims=\"1\" loading=\"lazy\" decoding=\"async\" src=\"https:\/\/i0.wp.com\/www.buehnen.de\/blog\/wp-content\/uploads\/2021\/07\/Peter_Appeldorn.jpg?resize=200%2C302&#038;ssl=1\" alt=\"\" class=\"wp-image-134\" width=\"200\" height=\"302\" srcset=\"https:\/\/i0.wp.com\/www.buehnen.de\/blog\/wp-content\/uploads\/2021\/07\/Peter_Appeldorn.jpg?w=400&amp;ssl=1 400w, https:\/\/i0.wp.com\/www.buehnen.de\/blog\/wp-content\/uploads\/2021\/07\/Peter_Appeldorn.jpg?resize=199%2C300&amp;ssl=1 199w\" sizes=\"auto, (max-width: 200px) 100vw, 200px\" \/><\/figure><\/div>\n\n\n\n<p>Schon lange bevor E-Bikes in Mode kamen, unternahm Peter Appeldorn mit Familie oder Freunden gro\u00dfe Radwandertouren. Gerne gibt er auch die Tipps \u00fcber die sch\u00f6nsten Strecken an die KollegInnen weiter. Soweit es das Wetter zul\u00e4sst, f\u00e4hrt er jeden Tag die Strecke Delmenhorst-Bremen zur Arbeit hin und zur\u00fcck.<\/p>\n\n\n\n<h4 class=\"wp-block-heading\">Seit 1984 bei B\u00dcHNEN<\/h4>\n\n\n\n<p>Auch Peter Appeldorn geh\u00f6rt schon lange zur B\u00dcHNEN Familie. In seinem Verantwortungsbereich als Disponent liegen mehr als 30.000 Artikel.<br><em>\u201eDas Bild entstand auf einer Wochenend-Radtour rund um die Wildeshauser Geest. Kornblumen sind eine Pracht und immer sch\u00f6n anzusehen. Sie waren eine Zeit lang eher selten am Wegesrand anzutreffen. Sie sind ein guter Bioindikator.\u201c<\/em><\/p>\n\n\n\n<p><strong>Smartphone: <\/strong>Samsung SM-A320FL<br><strong>Objektiv:<\/strong> 27 mm<br><strong>Blende:<\/strong> f 1.9<br><strong>Belichtungszeit: <\/strong>1\/1949<br><strong>ISO-Filmempfindlichkeit: <\/strong>ISO 40<br><strong>Ort:<\/strong> Deutschland, Wildeshauser Geest<\/p>\n","protected":false},"excerpt":{"rendered":"<p>In jedem Monat ziert das Foto eines unserer Mitarbeiter unseren Familienplaner 2021. Peter Appeldorn aus unserer Einkaufsabteilung unternimmt gerne Radwandertouren. In der Wildeshauser Geest entdeckte er dabei dieses idyllische Motiv mit Kornblumen: Peter Appeldorn ist Disponent bei B\u00dcHNEN in der Abteilung Einkauf. Gerne unterwegs auf zwei R\u00e4dern Schon lange bevor E-Bikes in Mode kamen, unternahm Peter Appeldorn mit Familie oder [&hellip;]<\/p>\n","protected":false},"author":1,"featured_media":0,"comment_status":"open","ping_status":"open","sticky":false,"template":"","format":"standard","meta":{"jetpack_post_was_ever_published":false,"_jetpack_newsletter_access":"","_jetpack_dont_email_post_to_subs":false,"_jetpack_newsletter_tier_id":0,"_jetpack_memberships_contains_paywalled_content":false,"_jetpack_memberships_contains_paid_content":false,"footnotes":"","jetpack_publicize_message":"","jetpack_publicize_feature_enabled":true,"jetpack_social_post_already_shared":false,"jetpack_social_options":{"image_generator_settings":{"template":"highway","default_image_id":0,"font":"","enabled":false},"version":2}},"categories":[135],"tags":[26,25,27,28],"class_list":["post-132","post","type-post","status-publish","format-standard","hentry","category-familienplaner","tag-26","tag-familienplaner","tag-fotos","tag-kalender"],"jetpack_publicize_connections":[],"jetpack_featured_media_url":"","jetpack_sharing_enabled":true,"jetpack_likes_enabled":true,"_links":{"self":[{"href":"https:\/\/www.buehnen.de\/blog\/wp-json\/wp\/v2\/posts\/132","targetHints":{"allow":["GET"]}}],"collection":[{"href":"https:\/\/www.buehnen.de\/blog\/wp-json\/wp\/v2\/posts"}],"about":[{"href":"https:\/\/www.buehnen.de\/blog\/wp-json\/wp\/v2\/types\/post"}],"author":[{"embeddable":true,"href":"https:\/\/www.buehnen.de\/blog\/wp-json\/wp\/v2\/users\/1"}],"replies":[{"embeddable":true,"href":"https:\/\/www.buehnen.de\/blog\/wp-json\/wp\/v2\/comments?post=132"}],"version-history":[{"count":1,"href":"https:\/\/www.buehnen.de\/blog\/wp-json\/wp\/v2\/posts\/132\/revisions"}],"predecessor-version":[{"id":135,"href":"https:\/\/www.buehnen.de\/blog\/wp-json\/wp\/v2\/posts\/132\/revisions\/135"}],"wp:attachment":[{"href":"https:\/\/www.buehnen.de\/blog\/wp-json\/wp\/v2\/media?parent=132"}],"wp:term":[{"taxonomy":"category","embeddable":true,"href":"https:\/\/www.buehnen.de\/blog\/wp-json\/wp\/v2\/categories?post=132"},{"taxonomy":"post_tag","embeddable":true,"href":"https:\/\/www.buehnen.de\/blog\/wp-json\/wp\/v2\/tags?post=132"}],"curies":[{"name":"wp","href":"https:\/\/api.w.org\/{rel}","templated":true}]}}