{"id":1420,"date":"2024-01-04T18:00:00","date_gmt":"2024-01-04T17:00:00","guid":{"rendered":"https:\/\/www.buehnen.de\/blog\/?p=1420"},"modified":"2024-08-20T10:25:16","modified_gmt":"2024-08-20T08:25:16","slug":"familienplaner-2024-januar-moin","status":"publish","type":"post","link":"https:\/\/www.buehnen.de\/blog\/familienplaner-2024-januar-moin\/","title":{"rendered":"Familienplaner 2024 \/ Januar \u2013 \u201e#MOIN\u201c"},"content":{"rendered":"\n<p>Auch im Jahr 2024 ziert wieder Monat f\u00fcr Monat ein Foto eines unserer Mitarbeiter oder Kunden unseren <strong>Familienplaner<\/strong>. Im Januar beginnt <strong>Laura Willmes<\/strong> aus der B\u00dcHNEN Marketingabteilung. Das zwei Meter hohe &#8222;<strong>#Moin<\/strong>&#8220; begr\u00fc\u00dft Besucher auf dem Weg vom Bremer Bahnhof in die Innenstadt an den Wallanlagen am Herdentorsteinweg.  <\/p>\n\n\n<div class=\"wp-block-image\">\n<figure class=\"aligncenter size-full\"><img data-recalc-dims=\"1\" loading=\"lazy\" decoding=\"async\" width=\"860\" height=\"1200\" src=\"https:\/\/i0.wp.com\/www.buehnen.de\/blog\/wp-content\/uploads\/2024\/01\/Familienplaner2024_Januar.jpg?resize=860%2C1200&#038;ssl=1\" alt=\"\" class=\"wp-image-1421\" srcset=\"https:\/\/i0.wp.com\/www.buehnen.de\/blog\/wp-content\/uploads\/2024\/01\/Familienplaner2024_Januar.jpg?w=1000&amp;ssl=1 1000w, https:\/\/i0.wp.com\/www.buehnen.de\/blog\/wp-content\/uploads\/2024\/01\/Familienplaner2024_Januar.jpg?resize=215%2C300&amp;ssl=1 215w, https:\/\/i0.wp.com\/www.buehnen.de\/blog\/wp-content\/uploads\/2024\/01\/Familienplaner2024_Januar.jpg?resize=734%2C1024&amp;ssl=1 734w, https:\/\/i0.wp.com\/www.buehnen.de\/blog\/wp-content\/uploads\/2024\/01\/Familienplaner2024_Januar.jpg?resize=768%2C1071&amp;ssl=1 768w\" sizes=\"auto, (max-width: 860px) 100vw, 860px\" \/><\/figure>\n<\/div>\n\n<div class=\"wp-block-image\">\n<figure class=\"alignright size-full is-resized\"><img data-recalc-dims=\"1\" loading=\"lazy\" decoding=\"async\" width=\"482\" height=\"724\" src=\"https:\/\/i0.wp.com\/www.buehnen.de\/blog\/wp-content\/uploads\/2024\/01\/laura_willmes.jpg?resize=482%2C724&#038;ssl=1\" alt=\"\" class=\"wp-image-1422\" style=\"width:237px;height:auto\" srcset=\"https:\/\/i0.wp.com\/www.buehnen.de\/blog\/wp-content\/uploads\/2024\/01\/laura_willmes.jpg?w=482&amp;ssl=1 482w, https:\/\/i0.wp.com\/www.buehnen.de\/blog\/wp-content\/uploads\/2024\/01\/laura_willmes.jpg?resize=200%2C300&amp;ssl=1 200w\" sizes=\"auto, (max-width: 482px) 100vw, 482px\" \/><\/figure>\n<\/div>\n\n\n<h3 class=\"wp-block-heading\"><strong>Laura Willmes<\/strong><\/h3>\n\n\n\n<p>arbeitet als duale Studentin im Marketing bei B\u00dcHNEN.<\/p>\n\n\n\n<p>Vom Ruhrgebiet zog es sie nach Bremen. In ihrer Freizeit entdeckt sie die sch\u00f6nen Seiten der neuen Heimat. Aber es zieht sie auch immer wieder in die Metropolen der Welt. Hier darf die Kamera nat\u00fcrlich nicht fehlen.<\/p>\n\n\n\n<p><strong>Seit 2020 bei B\u00dcHNEN<\/strong><\/p>\n\n\n\n<p>Im Juni 2020 begann Willmes als erste duale Studentin bei B\u00dcHNEN. Seitdem ist sie in der Abteilung Marketing t\u00e4tig und unterst\u00fctzt das Team mit ihren kreativen Ideen und nutzt ihr frisch erlerntes Wissen in der allt\u00e4glichen Arbeitspraxis.<br><br><strong>Kamera: <\/strong>iPhone 13 mini <br><strong>Brennweite:<\/strong> 5 mm <br><strong>Blende:<\/strong> f\/1<br><strong>Belichtungszeit: <\/strong>1\/504 Sek.<br><\/p>\n","protected":false},"excerpt":{"rendered":"<p>Auch im Jahr 2024 ziert wieder Monat f\u00fcr Monat ein Foto eines unserer Mitarbeiter oder Kunden unseren Familienplaner. Den Januar beginnt Laura Willmes aus der B\u00dcHNEN Marketingabteilung. <\/p>\n","protected":false},"author":1,"featured_media":0,"comment_status":"open","ping_status":"open","sticky":false,"template":"","format":"standard","meta":{"jetpack_post_was_ever_published":false,"_jetpack_newsletter_access":"","_jetpack_dont_email_post_to_subs":false,"_jetpack_newsletter_tier_id":0,"_jetpack_memberships_contains_paywalled_content":false,"_jetpack_memberships_contains_paid_content":false,"footnotes":"","jetpack_publicize_message":"","jetpack_publicize_feature_enabled":true,"jetpack_social_post_already_shared":true,"jetpack_social_options":{"image_generator_settings":{"template":"highway","default_image_id":0,"font":"","enabled":false},"version":2}},"categories":[135],"tags":[],"class_list":["post-1420","post","type-post","status-publish","format-standard","hentry","category-familienplaner"],"jetpack_publicize_connections":[],"jetpack_featured_media_url":"","jetpack_sharing_enabled":true,"jetpack_likes_enabled":true,"_links":{"self":[{"href":"https:\/\/www.buehnen.de\/blog\/wp-json\/wp\/v2\/posts\/1420","targetHints":{"allow":["GET"]}}],"collection":[{"href":"https:\/\/www.buehnen.de\/blog\/wp-json\/wp\/v2\/posts"}],"about":[{"href":"https:\/\/www.buehnen.de\/blog\/wp-json\/wp\/v2\/types\/post"}],"author":[{"embeddable":true,"href":"https:\/\/www.buehnen.de\/blog\/wp-json\/wp\/v2\/users\/1"}],"replies":[{"embeddable":true,"href":"https:\/\/www.buehnen.de\/blog\/wp-json\/wp\/v2\/comments?post=1420"}],"version-history":[{"count":1,"href":"https:\/\/www.buehnen.de\/blog\/wp-json\/wp\/v2\/posts\/1420\/revisions"}],"predecessor-version":[{"id":1423,"href":"https:\/\/www.buehnen.de\/blog\/wp-json\/wp\/v2\/posts\/1420\/revisions\/1423"}],"wp:attachment":[{"href":"https:\/\/www.buehnen.de\/blog\/wp-json\/wp\/v2\/media?parent=1420"}],"wp:term":[{"taxonomy":"category","embeddable":true,"href":"https:\/\/www.buehnen.de\/blog\/wp-json\/wp\/v2\/categories?post=1420"},{"taxonomy":"post_tag","embeddable":true,"href":"https:\/\/www.buehnen.de\/blog\/wp-json\/wp\/v2\/tags?post=1420"}],"curies":[{"name":"wp","href":"https:\/\/api.w.org\/{rel}","templated":true}]}}