{"id":1431,"date":"2024-03-01T09:40:31","date_gmt":"2024-03-01T08:40:31","guid":{"rendered":"https:\/\/www.buehnen.de\/blog\/?p=1431"},"modified":"2024-08-20T10:25:16","modified_gmt":"2024-08-20T08:25:16","slug":"familienplaner-2024-maerz-metz","status":"publish","type":"post","link":"https:\/\/www.buehnen.de\/blog\/familienplaner-2024-maerz-metz\/","title":{"rendered":"Familienplaner 2024 \/ M\u00e4rz \u2013 \u201eMetz\u201c"},"content":{"rendered":"\n<p>In weiterer Monat in unserer Fotoserie: Wir stellen euch heute ein Foto eines unserer Mitarbeiter oder Kunden unseren <strong>Familienplaner<\/strong> vor. Im M\u00e4rz pr\u00e4sentiert uns <strong>Sven Albers<\/strong> aus dem B\u00dcHNEN Logistik sein Foto. W\u00e4hrend einer Reise durch den Nordosten Frankreichs entstand dieses Foto: <\/p>\n\n\n<div class=\"wp-block-image\">\n<figure class=\"aligncenter size-full\"><img data-recalc-dims=\"1\" loading=\"lazy\" decoding=\"async\" width=\"860\" height=\"1200\" src=\"https:\/\/i0.wp.com\/www.buehnen.de\/blog\/wp-content\/uploads\/2024\/01\/Kalender2024_03.jpg?resize=860%2C1200&#038;ssl=1\" alt=\"\" class=\"wp-image-1432\" srcset=\"https:\/\/i0.wp.com\/www.buehnen.de\/blog\/wp-content\/uploads\/2024\/01\/Kalender2024_03.jpg?w=999&amp;ssl=1 999w, https:\/\/i0.wp.com\/www.buehnen.de\/blog\/wp-content\/uploads\/2024\/01\/Kalender2024_03.jpg?resize=215%2C300&amp;ssl=1 215w, https:\/\/i0.wp.com\/www.buehnen.de\/blog\/wp-content\/uploads\/2024\/01\/Kalender2024_03.jpg?resize=734%2C1024&amp;ssl=1 734w, https:\/\/i0.wp.com\/www.buehnen.de\/blog\/wp-content\/uploads\/2024\/01\/Kalender2024_03.jpg?resize=768%2C1072&amp;ssl=1 768w\" sizes=\"auto, (max-width: 860px) 100vw, 860px\" \/><\/figure>\n<\/div>\n\n<div class=\"wp-block-image\">\n<figure class=\"alignright size-full is-resized\"><img data-recalc-dims=\"1\" loading=\"lazy\" decoding=\"async\" width=\"261\" height=\"395\" src=\"https:\/\/i0.wp.com\/www.buehnen.de\/blog\/wp-content\/uploads\/2024\/01\/Sven_Albers.jpg?resize=261%2C395&#038;ssl=1\" alt=\"\" class=\"wp-image-1434\" style=\"width:237px;height:auto\" srcset=\"https:\/\/i0.wp.com\/www.buehnen.de\/blog\/wp-content\/uploads\/2024\/01\/Sven_Albers.jpg?w=261&amp;ssl=1 261w, https:\/\/i0.wp.com\/www.buehnen.de\/blog\/wp-content\/uploads\/2024\/01\/Sven_Albers.jpg?resize=198%2C300&amp;ssl=1 198w\" sizes=\"auto, (max-width: 261px) 100vw, 261px\" \/><\/figure>\n<\/div>\n\n\n<h3 class=\"wp-block-heading\"><strong>Sven Albers<\/strong><\/h3>\n\n\n\n<p>arbeitet bei B\u00dcHNEN in der Logistik.<\/p>\n\n\n\n<p>Privat liebt der Familienvater die gemeinsamen Essen mit Familie und Freunden. Hierzu benutzt er oft seinen gro\u00dfen Gasgrill. Er durchst\u00f6bert das Internet nach Rezepten, die dann in den kleineren und gr\u00f6\u00dferen Runden ausprobiert werden. Da kommen alle gerne zusammen an den Tisch, wenn appetitliche D\u00fcfte von gegrilltem Gem\u00fcse und Fleisch durch den Garten ziehen.<\/p>\n\n\n\n<p><em>\u201eDas Motiv f\u00fcr den M\u00e4rz entstand im Juli 2013 in Metz.\u201c<\/em> Die Stadt im Nordosten Frankreichs bietet Alleen und G\u00e4rten, welche sich entlang der Mosel und der Seille erstrecken.<\/p>\n\n\n\n<p><br><strong>Kamera: <\/strong>Nikon D40<br><strong>Brennweite:<\/strong> 18 mm <br><strong>Blende:<\/strong> F\/14<br><strong>Belichtungszeit: <\/strong>1\/125 Sek.<\/p>\n","protected":false},"excerpt":{"rendered":"<p>In weiterer Monat in unserer Fotoserie: Wir stellen euch heute ein Foto eines unserer Mitarbeiter oder Kunden unseren Familienplaner vor. Im M\u00e4rz pr\u00e4sentiert uns Sven Albers aus dem B\u00dcHNEN Logistik sein Foto. W\u00e4hrend einer Reise durch den Nordosten Frankreichs entstand dieses Foto: Sven Albers arbeitet bei B\u00dcHNEN in der Logistik. Privat liebt der Familienvater die gemeinsamen Essen mit Familie und [&hellip;]<\/p>\n","protected":false},"author":1,"featured_media":0,"comment_status":"open","ping_status":"open","sticky":false,"template":"","format":"standard","meta":{"jetpack_post_was_ever_published":false,"_jetpack_newsletter_access":"","_jetpack_dont_email_post_to_subs":false,"_jetpack_newsletter_tier_id":0,"_jetpack_memberships_contains_paywalled_content":false,"_jetpack_memberships_contains_paid_content":false,"footnotes":"","jetpack_publicize_message":"","jetpack_publicize_feature_enabled":true,"jetpack_social_post_already_shared":true,"jetpack_social_options":{"image_generator_settings":{"template":"highway","default_image_id":0,"font":"","enabled":false},"version":2}},"categories":[135],"tags":[],"class_list":["post-1431","post","type-post","status-publish","format-standard","hentry","category-familienplaner"],"jetpack_publicize_connections":[],"jetpack_featured_media_url":"","jetpack_sharing_enabled":true,"jetpack_likes_enabled":true,"_links":{"self":[{"href":"https:\/\/www.buehnen.de\/blog\/wp-json\/wp\/v2\/posts\/1431","targetHints":{"allow":["GET"]}}],"collection":[{"href":"https:\/\/www.buehnen.de\/blog\/wp-json\/wp\/v2\/posts"}],"about":[{"href":"https:\/\/www.buehnen.de\/blog\/wp-json\/wp\/v2\/types\/post"}],"author":[{"embeddable":true,"href":"https:\/\/www.buehnen.de\/blog\/wp-json\/wp\/v2\/users\/1"}],"replies":[{"embeddable":true,"href":"https:\/\/www.buehnen.de\/blog\/wp-json\/wp\/v2\/comments?post=1431"}],"version-history":[{"count":3,"href":"https:\/\/www.buehnen.de\/blog\/wp-json\/wp\/v2\/posts\/1431\/revisions"}],"predecessor-version":[{"id":1445,"href":"https:\/\/www.buehnen.de\/blog\/wp-json\/wp\/v2\/posts\/1431\/revisions\/1445"}],"wp:attachment":[{"href":"https:\/\/www.buehnen.de\/blog\/wp-json\/wp\/v2\/media?parent=1431"}],"wp:term":[{"taxonomy":"category","embeddable":true,"href":"https:\/\/www.buehnen.de\/blog\/wp-json\/wp\/v2\/categories?post=1431"},{"taxonomy":"post_tag","embeddable":true,"href":"https:\/\/www.buehnen.de\/blog\/wp-json\/wp\/v2\/tags?post=1431"}],"curies":[{"name":"wp","href":"https:\/\/api.w.org\/{rel}","templated":true}]}}