{"id":1440,"date":"2024-05-01T09:54:33","date_gmt":"2024-05-01T07:54:33","guid":{"rendered":"https:\/\/www.buehnen.de\/blog\/?p=1440"},"modified":"2024-08-20T10:25:16","modified_gmt":"2024-08-20T08:25:16","slug":"familienplaner-2024-maerz-goldene-stunde","status":"publish","type":"post","link":"https:\/\/www.buehnen.de\/blog\/familienplaner-2024-maerz-goldene-stunde\/","title":{"rendered":"Familienplaner 2024 \/ Mai \u2013 \u201eGoldene Stunde\u201c"},"content":{"rendered":"\n<p>Unsere kleine Beitragsserie &#8222;Familienplaner 2024&#8220; geht in eine weitere Runde. Im April hatten wir ein Kundenfoto und im <strong>Mai<\/strong> darf wieder ein Mitarbeiter zeigen, was er vor die Linse bekommen hat. Diesen Monat pr\u00e4sentiert uns <strong>Kaspar Kola\u00dfa<\/strong> aus dem B\u00dcHNEN Marketingabteilung zeigt uns seine Impressionen von Kreta: <\/p>\n\n\n<div class=\"wp-block-image\">\n<figure class=\"aligncenter size-full\"><img data-recalc-dims=\"1\" loading=\"lazy\" decoding=\"async\" width=\"860\" height=\"1200\" src=\"https:\/\/i0.wp.com\/www.buehnen.de\/blog\/wp-content\/uploads\/2024\/01\/Kalender2024_05.jpg?resize=860%2C1200&#038;ssl=1\" alt=\"\" class=\"wp-image-1441\" srcset=\"https:\/\/i0.wp.com\/www.buehnen.de\/blog\/wp-content\/uploads\/2024\/01\/Kalender2024_05.jpg?w=999&amp;ssl=1 999w, https:\/\/i0.wp.com\/www.buehnen.de\/blog\/wp-content\/uploads\/2024\/01\/Kalender2024_05.jpg?resize=215%2C300&amp;ssl=1 215w, https:\/\/i0.wp.com\/www.buehnen.de\/blog\/wp-content\/uploads\/2024\/01\/Kalender2024_05.jpg?resize=734%2C1024&amp;ssl=1 734w, https:\/\/i0.wp.com\/www.buehnen.de\/blog\/wp-content\/uploads\/2024\/01\/Kalender2024_05.jpg?resize=768%2C1072&amp;ssl=1 768w\" sizes=\"auto, (max-width: 860px) 100vw, 860px\" \/><\/figure>\n<\/div>\n\n<div class=\"wp-block-image\">\n<figure class=\"alignright size-full is-resized\"><img data-recalc-dims=\"1\" loading=\"lazy\" decoding=\"async\" width=\"262\" height=\"393\" src=\"https:\/\/i0.wp.com\/www.buehnen.de\/blog\/wp-content\/uploads\/2024\/01\/Kaspar_Kollassa.jpg?resize=262%2C393&#038;ssl=1\" alt=\"\" class=\"wp-image-1442\" style=\"width:237px;height:auto\" srcset=\"https:\/\/i0.wp.com\/www.buehnen.de\/blog\/wp-content\/uploads\/2024\/01\/Kaspar_Kollassa.jpg?w=262&amp;ssl=1 262w, https:\/\/i0.wp.com\/www.buehnen.de\/blog\/wp-content\/uploads\/2024\/01\/Kaspar_Kollassa.jpg?resize=200%2C300&amp;ssl=1 200w\" sizes=\"auto, (max-width: 262px) 100vw, 262px\" \/><\/figure>\n<\/div>\n\n\n<h3 class=\"wp-block-heading\"><strong>Kaspar Kola\u00dfa<\/strong><\/h3>\n\n\n\n<p>arbeitet als Foto- und Videograf bei B\u00dcHNEN.<\/p>\n\n\n\n<p>Kaspar Kola\u00dfa macht neben wundersch\u00f6nen Fotografien laut seinen Freunden auch die weltbeste Pasta Carbonara. Dass er vor seiner T\u00e4tigkeit bei B\u00dcHNEN bereits im Bereich der Food-Fotografie Erfahrungen sammelte, liegt nat\u00fcrlich nah. Im Bereich der Fotografie begeistert er sich vor allem f\u00fcr die Streetfotografie.<\/p>\n\n\n\n<p>Nat\u00fcrlich fehlt auch auf Reisen die Kamera nicht. So konnte Kola\u00dfa 2023 auf Kreta ein beeindruckendes Panorama festhalten. <em>,,Das Bild entstand w\u00e4hrend der Goldenen Stunde, wo die Sonne die Felsformationen entlang der Route in ein tiefes Rot gef\u00e4rbt hat.\u201c<\/em><\/p>\n\n\n\n<p><br><strong>Kamera: <\/strong>Nikon Z fc<br><strong>Brennweite:<\/strong> 70 mm <br><strong>Blende:<\/strong> F\/13<br><strong>Belichtungszeit: <\/strong>1\/200 Sek.<\/p>\n","protected":false},"excerpt":{"rendered":"<p>Unsere kleine Beitragsserie &#8222;Familienplaner 2024&#8220; geht in eine weitere Runde. Im April hatten wir ein Kundenfoto und im Mai darf wieder ein Mitarbeiter zeigen, was er vor die Linse bekommen hat. Diesen Monat pr\u00e4sentiert uns Kaspar Kola\u00dfa aus dem B\u00dcHNEN Marketingabteilung zeigt uns seine Impressionen von Kreta: Kaspar Kola\u00dfa arbeitet als Foto- und Videograf bei B\u00dcHNEN. Kaspar Kola\u00dfa macht neben [&hellip;]<\/p>\n","protected":false},"author":1,"featured_media":0,"comment_status":"open","ping_status":"open","sticky":false,"template":"","format":"standard","meta":{"jetpack_post_was_ever_published":false,"_jetpack_newsletter_access":"","_jetpack_dont_email_post_to_subs":false,"_jetpack_newsletter_tier_id":0,"_jetpack_memberships_contains_paywalled_content":false,"_jetpack_memberships_contains_paid_content":false,"footnotes":"","jetpack_publicize_message":"","jetpack_publicize_feature_enabled":true,"jetpack_social_post_already_shared":true,"jetpack_social_options":{"image_generator_settings":{"template":"highway","default_image_id":0,"font":"","enabled":false},"version":2}},"categories":[135],"tags":[],"class_list":["post-1440","post","type-post","status-publish","format-standard","hentry","category-familienplaner"],"jetpack_publicize_connections":[],"jetpack_featured_media_url":"","jetpack_sharing_enabled":true,"jetpack_likes_enabled":true,"_links":{"self":[{"href":"https:\/\/www.buehnen.de\/blog\/wp-json\/wp\/v2\/posts\/1440","targetHints":{"allow":["GET"]}}],"collection":[{"href":"https:\/\/www.buehnen.de\/blog\/wp-json\/wp\/v2\/posts"}],"about":[{"href":"https:\/\/www.buehnen.de\/blog\/wp-json\/wp\/v2\/types\/post"}],"author":[{"embeddable":true,"href":"https:\/\/www.buehnen.de\/blog\/wp-json\/wp\/v2\/users\/1"}],"replies":[{"embeddable":true,"href":"https:\/\/www.buehnen.de\/blog\/wp-json\/wp\/v2\/comments?post=1440"}],"version-history":[{"count":3,"href":"https:\/\/www.buehnen.de\/blog\/wp-json\/wp\/v2\/posts\/1440\/revisions"}],"predecessor-version":[{"id":1453,"href":"https:\/\/www.buehnen.de\/blog\/wp-json\/wp\/v2\/posts\/1440\/revisions\/1453"}],"wp:attachment":[{"href":"https:\/\/www.buehnen.de\/blog\/wp-json\/wp\/v2\/media?parent=1440"}],"wp:term":[{"taxonomy":"category","embeddable":true,"href":"https:\/\/www.buehnen.de\/blog\/wp-json\/wp\/v2\/categories?post=1440"},{"taxonomy":"post_tag","embeddable":true,"href":"https:\/\/www.buehnen.de\/blog\/wp-json\/wp\/v2\/tags?post=1440"}],"curies":[{"name":"wp","href":"https:\/\/api.w.org\/{rel}","templated":true}]}}