{"id":2552,"date":"2025-10-01T11:16:00","date_gmt":"2025-10-01T09:16:00","guid":{"rendered":"https:\/\/www.buehnen.de\/blog\/?p=2552"},"modified":"2024-09-09T08:10:28","modified_gmt":"2024-09-09T06:10:28","slug":"familienplaner-2025-oktober-die-magie-schweizer-seen","status":"publish","type":"post","link":"https:\/\/www.buehnen.de\/blog\/familienplaner-2025-oktober-die-magie-schweizer-seen\/","title":{"rendered":"Familienplaner 2025 \/ Oktober \u2013 \u201eDie Magie Schweizer Seen\u201c"},"content":{"rendered":"\n<p>Manchmal kann man nicht anders bei so einem sch\u00f6nen Ausblick. Amelie Stahlmann aus dem Bremer Projektmanagement hat uns das Motiv f\u00fcr den Oktober mitgebracht, das sie ihr im Schweizer Interlaken vor die Kamera kam.<\/p>\n\n\n<div class=\"wp-block-image\">\n<figure class=\"aligncenter size-full\"><img data-recalc-dims=\"1\" loading=\"lazy\" decoding=\"async\" width=\"860\" height=\"1216\" src=\"https:\/\/i0.wp.com\/www.buehnen.de\/blog\/wp-content\/uploads\/2024\/08\/10-Familienplaner2025.jpg?resize=860%2C1216&#038;ssl=1\" alt=\"\" class=\"wp-image-2555\" srcset=\"https:\/\/i0.wp.com\/www.buehnen.de\/blog\/wp-content\/uploads\/2024\/08\/10-Familienplaner2025.jpg?w=1169&amp;ssl=1 1169w, https:\/\/i0.wp.com\/www.buehnen.de\/blog\/wp-content\/uploads\/2024\/08\/10-Familienplaner2025.jpg?resize=212%2C300&amp;ssl=1 212w, https:\/\/i0.wp.com\/www.buehnen.de\/blog\/wp-content\/uploads\/2024\/08\/10-Familienplaner2025.jpg?resize=724%2C1024&amp;ssl=1 724w, https:\/\/i0.wp.com\/www.buehnen.de\/blog\/wp-content\/uploads\/2024\/08\/10-Familienplaner2025.jpg?resize=768%2C1086&amp;ssl=1 768w, https:\/\/i0.wp.com\/www.buehnen.de\/blog\/wp-content\/uploads\/2024\/08\/10-Familienplaner2025.jpg?resize=1086%2C1536&amp;ssl=1 1086w\" sizes=\"auto, (max-width: 860px) 100vw, 860px\" \/><\/figure>\n<\/div>\n\n<div class=\"wp-block-image\">\n<figure class=\"alignright size-full is-resized\"><img data-recalc-dims=\"1\" loading=\"lazy\" decoding=\"async\" width=\"262\" height=\"393\" src=\"https:\/\/i0.wp.com\/www.buehnen.de\/blog\/wp-content\/uploads\/2024\/01\/Amelie_Greif.jpg?resize=262%2C393&#038;ssl=1\" alt=\"\" class=\"wp-image-1465\" style=\"width:237px;height:auto\" srcset=\"https:\/\/i0.wp.com\/www.buehnen.de\/blog\/wp-content\/uploads\/2024\/01\/Amelie_Greif.jpg?w=262&amp;ssl=1 262w, https:\/\/i0.wp.com\/www.buehnen.de\/blog\/wp-content\/uploads\/2024\/01\/Amelie_Greif.jpg?resize=200%2C300&amp;ssl=1 200w\" sizes=\"auto, (max-width: 262px) 100vw, 262px\" \/><\/figure>\n<\/div>\n\n\n<h3 class=\"wp-block-heading\">Amelie Stahlmann<\/h3>\n\n\n\n<p>arbeitet als Projektmanagerin f\u00fcr Schmelzklebstoffe bei B\u00dcHNEN.<\/p>\n\n\n\n<p><strong>Die Welt erkunden!<\/strong><br>Wenn das Herz in Bremen Zuhause ist, darf man ruhig mal verreisen. Amelie reist gerne<br>und erkundet die Welt. Oft verbindet sie ihre Reisen mit ihrer Begeisterung f\u00fcr Sport. Yoga,<br>Bouldern und Joggen geh\u00f6ren zu ihrem w\u00f6chentlichen Sportpensum immer dazu.<\/p>\n\n\n\n<p><strong>Seit 2019 bei B\u00dcHNEN<\/strong><br>Sie verbindet mit ihrer Position Laborarbeit mit der Praxis bei den B\u00dcHNEN Kunden. Hier<br>arbeitet sie eng mit dem Produktmanagement zusammen. Gemeinsam werden Werkstoffe<br>und Klebungen untersucht sowie die Ergebnisse f\u00fcr unsere Kunden dokumentiert.<\/p>\n\n\n\n<p><em>\u201eDas Bild ist im April 2024 in der Schweiz entstanden und zwar auf dem Weg aus Z\u00fcrich in<br>die wundersch\u00f6nen Berge. Diesen Ausblick auf der Fahrt musste ich unbedingt festhalten.<br>Interlaken ist eines von vielen wundersch\u00f6nen Schweizer Seen und Ortschaften, die mit den<br>Bergen im Hintergrund eine gewisse Magie ausstrahlen.\u201c<\/em><\/p>\n\n\n\n<p><strong>Smartphone: <\/strong>Apple iPhone 13 mini<br><strong>Objektiv:<\/strong> 5 mm<br><strong>Blende: <\/strong>F\/1.6<br><strong>Belichtungszeit: <\/strong>1\/2899 s<br><strong>ISO-Filmempfindlichkeit: <\/strong>ISO-50<br><strong>Ort: <\/strong>Schweiz, Interlaken<\/p>\n","protected":false},"excerpt":{"rendered":"<p>Manchmal kann man nicht anders bei so einem sch\u00f6nen Ausblick. Amelie Stahlmann aus dem Bremer Projektmanagement hat uns das Motiv f\u00fcr den Oktober mitgebracht, das sie ihr im Schweizer Interlaken vor die Kamera kam. Amelie Stahlmann arbeitet als Projektmanagerin f\u00fcr Schmelzklebstoffe bei B\u00dcHNEN. Die Welt erkunden!Wenn das Herz in Bremen Zuhause ist, darf man ruhig mal verreisen. Amelie reist gerneund [&hellip;]<\/p>\n","protected":false},"author":1,"featured_media":0,"comment_status":"open","ping_status":"open","sticky":false,"template":"","format":"standard","meta":{"jetpack_post_was_ever_published":false,"_jetpack_newsletter_access":"","_jetpack_dont_email_post_to_subs":false,"_jetpack_newsletter_tier_id":0,"_jetpack_memberships_contains_paywalled_content":false,"_jetpack_memberships_contains_paid_content":false,"footnotes":"","jetpack_publicize_message":"","jetpack_publicize_feature_enabled":true,"jetpack_social_post_already_shared":true,"jetpack_social_options":{"image_generator_settings":{"template":"highway","default_image_id":0,"font":"","enabled":false},"version":2}},"categories":[135],"tags":[],"class_list":["post-2552","post","type-post","status-publish","format-standard","hentry","category-familienplaner"],"jetpack_publicize_connections":[],"jetpack_featured_media_url":"","jetpack_sharing_enabled":true,"jetpack_likes_enabled":true,"_links":{"self":[{"href":"https:\/\/www.buehnen.de\/blog\/wp-json\/wp\/v2\/posts\/2552","targetHints":{"allow":["GET"]}}],"collection":[{"href":"https:\/\/www.buehnen.de\/blog\/wp-json\/wp\/v2\/posts"}],"about":[{"href":"https:\/\/www.buehnen.de\/blog\/wp-json\/wp\/v2\/types\/post"}],"author":[{"embeddable":true,"href":"https:\/\/www.buehnen.de\/blog\/wp-json\/wp\/v2\/users\/1"}],"replies":[{"embeddable":true,"href":"https:\/\/www.buehnen.de\/blog\/wp-json\/wp\/v2\/comments?post=2552"}],"version-history":[{"count":3,"href":"https:\/\/www.buehnen.de\/blog\/wp-json\/wp\/v2\/posts\/2552\/revisions"}],"predecessor-version":[{"id":2588,"href":"https:\/\/www.buehnen.de\/blog\/wp-json\/wp\/v2\/posts\/2552\/revisions\/2588"}],"wp:attachment":[{"href":"https:\/\/www.buehnen.de\/blog\/wp-json\/wp\/v2\/media?parent=2552"}],"wp:term":[{"taxonomy":"category","embeddable":true,"href":"https:\/\/www.buehnen.de\/blog\/wp-json\/wp\/v2\/categories?post=2552"},{"taxonomy":"post_tag","embeddable":true,"href":"https:\/\/www.buehnen.de\/blog\/wp-json\/wp\/v2\/tags?post=2552"}],"curies":[{"name":"wp","href":"https:\/\/api.w.org\/{rel}","templated":true}]}}