{"id":2589,"date":"2024-09-12T08:55:24","date_gmt":"2024-09-12T06:55:24","guid":{"rendered":"https:\/\/www.buehnen.de\/blog\/?p=2589"},"modified":"2024-09-10T08:55:49","modified_gmt":"2024-09-10T06:55:49","slug":"sommerfest-2024-in-bremen","status":"publish","type":"post","link":"https:\/\/www.buehnen.de\/blog\/sommerfest-2024-in-bremen\/","title":{"rendered":"Sommerfest 2024 in Bremen"},"content":{"rendered":"\n<h2 class=\"wp-block-heading\"><strong>Life at the Beach<\/strong><\/h2>\n\n\n\n<p>Unser diesj\u00e4hriges Sommerfest stand ganz unter dem Motto \u201c<strong><em>Life at the Beach<\/em><\/strong>\u201d und war ein voller Erfolg! Der Innenhof verwandelte sich in eine tropische Oase, geschm\u00fcckt mit Palmen, bunten Girlanden und flackernden Fackeln. Die Atmosph\u00e4re war einfach magisch und versetzte uns alle in Urlaubsstimmung.<\/p>\n\n\n\n<figure class=\"wp-block-image size-large\"><img data-recalc-dims=\"1\" loading=\"lazy\" decoding=\"async\" width=\"860\" height=\"397\" src=\"https:\/\/i0.wp.com\/www.buehnen.de\/blog\/wp-content\/uploads\/2024\/09\/20240830_120253.jpg?resize=860%2C397&#038;ssl=1\" alt=\"\" class=\"wp-image-2591\" srcset=\"https:\/\/i0.wp.com\/www.buehnen.de\/blog\/wp-content\/uploads\/2024\/09\/20240830_120253-scaled.jpg?resize=1024%2C473&amp;ssl=1 1024w, https:\/\/i0.wp.com\/www.buehnen.de\/blog\/wp-content\/uploads\/2024\/09\/20240830_120253-scaled.jpg?resize=300%2C139&amp;ssl=1 300w, https:\/\/i0.wp.com\/www.buehnen.de\/blog\/wp-content\/uploads\/2024\/09\/20240830_120253-scaled.jpg?resize=768%2C355&amp;ssl=1 768w, https:\/\/i0.wp.com\/www.buehnen.de\/blog\/wp-content\/uploads\/2024\/09\/20240830_120253-scaled.jpg?resize=1536%2C710&amp;ssl=1 1536w, https:\/\/i0.wp.com\/www.buehnen.de\/blog\/wp-content\/uploads\/2024\/09\/20240830_120253-scaled.jpg?resize=2048%2C946&amp;ssl=1 2048w, https:\/\/i0.wp.com\/www.buehnen.de\/blog\/wp-content\/uploads\/2024\/09\/20240830_120253-scaled.jpg?w=1720&amp;ssl=1 1720w\" sizes=\"auto, (max-width: 860px) 100vw, 860px\" \/><\/figure>\n\n\n\n<p>Viele unserer Mitarbeitenden kamen passend zum Motto in sommerlichen Outfits \u2013 von Hawaiihemden \u00fcber Strohh\u00fcte bis hin zu Flip-Flops war alles dabei. Der Pop-Up Pool war ein Highlight und sorgte f\u00fcr die n\u00f6tige Abk\u00fchlung an diesem warmen Sommertag. <\/p>\n\n\n\n<p><strong>Kulinarische Gen\u00fcsse<\/strong><\/p>\n\n\n\n<div class=\"wp-block-media-text is-stacked-on-mobile\"><figure class=\"wp-block-media-text__media\"><img data-recalc-dims=\"1\" loading=\"lazy\" decoding=\"async\" width=\"860\" height=\"626\" src=\"https:\/\/i0.wp.com\/www.buehnen.de\/blog\/wp-content\/uploads\/2024\/09\/DSCF0363-2.jpg?resize=860%2C626&#038;ssl=1\" alt=\"\" class=\"wp-image-2590 size-full\" srcset=\"https:\/\/i0.wp.com\/www.buehnen.de\/blog\/wp-content\/uploads\/2024\/09\/DSCF0363-2.jpg?resize=1024%2C745&amp;ssl=1 1024w, https:\/\/i0.wp.com\/www.buehnen.de\/blog\/wp-content\/uploads\/2024\/09\/DSCF0363-2.jpg?resize=300%2C218&amp;ssl=1 300w, https:\/\/i0.wp.com\/www.buehnen.de\/blog\/wp-content\/uploads\/2024\/09\/DSCF0363-2.jpg?resize=768%2C559&amp;ssl=1 768w, https:\/\/i0.wp.com\/www.buehnen.de\/blog\/wp-content\/uploads\/2024\/09\/DSCF0363-2.jpg?resize=1536%2C1118&amp;ssl=1 1536w, https:\/\/i0.wp.com\/www.buehnen.de\/blog\/wp-content\/uploads\/2024\/09\/DSCF0363-2.jpg?resize=2048%2C1491&amp;ssl=1 2048w, https:\/\/i0.wp.com\/www.buehnen.de\/blog\/wp-content\/uploads\/2024\/09\/DSCF0363-2.jpg?w=1720&amp;ssl=1 1720w\" sizes=\"auto, (max-width: 860px) 100vw, 860px\" \/><\/figure><div class=\"wp-block-media-text__content\">\n<p>F\u00fcr das leibliche Wohl war ebenfalls bestens gesorgt. Das Catering-Team verw\u00f6hnte uns mit gegrillten Spezialit\u00e4ten, die keine W\u00fcnsche offen lie\u00dfen. Von saftigen Nackensteaks, gegrilltem K\u00e4se \u00fcber knackige Salate bis hin zu erfrischenden Cocktails war alles dabei. Der Duft von frisch Gegrilltem lag in der Luft und machte das Fest zu einem wahren Gaumenschmaus.<\/p>\n<\/div><\/div>\n\n\n\n<p>Fast alle Mitarbeitenden waren anwesend und feierten bis sp\u00e4t in die Nacht. Trotz anf\u00e4nglicher Wetterbedenken blieb es trocken, und wir konnten den Abend unter freiem Himmel genie\u00dfen. Es wurde gelacht, geredet und die Gemeinschaft gest\u00e4rkt. Solche Events sind nicht nur eine tolle Gelegenheit, um gemeinsam Spa\u00df zu haben, sondern auch, um den<strong> Teamgeist zu f\u00f6rdern<\/strong> und die Teambindung untereinander zu st\u00e4rken.<\/p>\n\n\n\n<p><strong>Ehrung der Jubilare<\/strong><\/p>\n\n\n\n<p>Auf unserem Sommerfest werden die Jubilare geehrt. Die Gesch\u00e4ftsf\u00fchrung \u00fcberreichte den Jubilaren Pr\u00e4sente und hielt zu jedem Mitarbeiter und zu jeder Mitarbeiterin eine<strong> pers\u00f6nliche Rede<\/strong>. <\/p>\n\n\n\n<p><strong>Benefits f\u00fcr Mitarbeitende<\/strong><\/p>\n\n\n\n<p>Unser Sommerfest ist nur ein Beispiel f\u00fcr die zahlreichen Benefits, die wir unseren Mitarbeitenden bieten. Neben solchen Events legen wir gro\u00dfen Wert auf eine ausgewogene Work-Life-Balance, flexible Arbeitszeiten und vielf\u00e4ltige Weiterbildungsm\u00f6glichkeiten. Wir wissen, dass zufriedene Mitarbeitende der Schl\u00fcssel zu unserem Erfolg sind, und investieren daher gerne in ihr Wohlbefinden und ihre Zufriedenheit.<\/p>\n\n\n\n<p><strong>Fazit<\/strong><\/p>\n\n\n\n<p>Das Sommerfest 2024 war ein unvergessliches Erlebnis und hat einmal mehr gezeigt, wie wichtig ein starkes Miteinander ist. Wir freuen uns schon jetzt auf das n\u00e4chste Event und sind gespannt, welches Motto uns dann erwartet. Bis dahin genie\u00dfen wir die sch\u00f6nen Erinnerungen an einen perfekten Tag am \u201cStrand\u201d.<\/p>\n\n\n\n<p>Vielen Dank an alle, die dieses Fest m\u00f6glich gemacht haben und an alle, die dabei waren. Ihr seid gro\u00dfartig! \ud83c\udf34\ud83c\udfd6\ufe0f\ud83c\udf79In der Galerie ein paar Kolleginnen und Kollegen passend zur Mottoparty gekleidet.<\/p>\n\n\n\n<div class=\"wp-block-jetpack-slideshow aligncenter\" data-effect=\"slide\"><div class=\"wp-block-jetpack-slideshow_container swiper-container\"><ul class=\"wp-block-jetpack-slideshow_swiper-wrapper swiper-wrapper\"><li class=\"wp-block-jetpack-slideshow_slide swiper-slide\"><figure><img data-recalc-dims=\"1\" loading=\"lazy\" decoding=\"async\" width=\"478\" height=\"1024\" alt=\"\" class=\"wp-block-jetpack-slideshow_image wp-image-2593\" data-id=\"2593\" src=\"https:\/\/i0.wp.com\/www.buehnen.de\/blog\/wp-content\/uploads\/2024\/09\/20240830_181645.jpg?resize=478%2C1024&#038;ssl=1\" srcset=\"https:\/\/i0.wp.com\/www.buehnen.de\/blog\/wp-content\/uploads\/2024\/09\/20240830_181645-scaled.jpg?resize=478%2C1024&amp;ssl=1 478w, https:\/\/i0.wp.com\/www.buehnen.de\/blog\/wp-content\/uploads\/2024\/09\/20240830_181645-scaled.jpg?resize=140%2C300&amp;ssl=1 140w, https:\/\/i0.wp.com\/www.buehnen.de\/blog\/wp-content\/uploads\/2024\/09\/20240830_181645-scaled.jpg?resize=768%2C1645&amp;ssl=1 768w, https:\/\/i0.wp.com\/www.buehnen.de\/blog\/wp-content\/uploads\/2024\/09\/20240830_181645-scaled.jpg?resize=717%2C1536&amp;ssl=1 717w, https:\/\/i0.wp.com\/www.buehnen.de\/blog\/wp-content\/uploads\/2024\/09\/20240830_181645-scaled.jpg?resize=956%2C2048&amp;ssl=1 956w, https:\/\/i0.wp.com\/www.buehnen.de\/blog\/wp-content\/uploads\/2024\/09\/20240830_181645-scaled.jpg?w=1196&amp;ssl=1 1196w\" sizes=\"(max-width: 478px) 100vw, 478px\" \/><figcaption class=\"wp-block-jetpack-slideshow_caption gallery-caption\">Annika Kluge<\/figcaption><\/figure><\/li><li class=\"wp-block-jetpack-slideshow_slide swiper-slide\"><figure><img data-recalc-dims=\"1\" loading=\"lazy\" decoding=\"async\" width=\"478\" height=\"1024\" alt=\"\" class=\"wp-block-jetpack-slideshow_image wp-image-2596\" data-id=\"2596\" src=\"https:\/\/i0.wp.com\/www.buehnen.de\/blog\/wp-content\/uploads\/2024\/09\/20240830_182205.jpg?resize=478%2C1024&#038;ssl=1\" srcset=\"https:\/\/i0.wp.com\/www.buehnen.de\/blog\/wp-content\/uploads\/2024\/09\/20240830_182205-scaled.jpg?resize=478%2C1024&amp;ssl=1 478w, https:\/\/i0.wp.com\/www.buehnen.de\/blog\/wp-content\/uploads\/2024\/09\/20240830_182205-scaled.jpg?resize=140%2C300&amp;ssl=1 140w, https:\/\/i0.wp.com\/www.buehnen.de\/blog\/wp-content\/uploads\/2024\/09\/20240830_182205-scaled.jpg?resize=768%2C1645&amp;ssl=1 768w, https:\/\/i0.wp.com\/www.buehnen.de\/blog\/wp-content\/uploads\/2024\/09\/20240830_182205-scaled.jpg?resize=717%2C1536&amp;ssl=1 717w, https:\/\/i0.wp.com\/www.buehnen.de\/blog\/wp-content\/uploads\/2024\/09\/20240830_182205-scaled.jpg?resize=956%2C2048&amp;ssl=1 956w, https:\/\/i0.wp.com\/www.buehnen.de\/blog\/wp-content\/uploads\/2024\/09\/20240830_182205-scaled.jpg?w=1196&amp;ssl=1 1196w\" sizes=\"(max-width: 478px) 100vw, 478px\" \/><figcaption class=\"wp-block-jetpack-slideshow_caption gallery-caption\">Stefan Te\u00dfmer<\/figcaption><\/figure><\/li><li class=\"wp-block-jetpack-slideshow_slide swiper-slide\"><figure><img data-recalc-dims=\"1\" loading=\"lazy\" decoding=\"async\" width=\"478\" height=\"1024\" alt=\"\" class=\"wp-block-jetpack-slideshow_image wp-image-2595\" data-id=\"2595\" src=\"https:\/\/i0.wp.com\/www.buehnen.de\/blog\/wp-content\/uploads\/2024\/09\/20240830_182601.jpg?resize=478%2C1024&#038;ssl=1\" srcset=\"https:\/\/i0.wp.com\/www.buehnen.de\/blog\/wp-content\/uploads\/2024\/09\/20240830_182601-scaled.jpg?resize=478%2C1024&amp;ssl=1 478w, https:\/\/i0.wp.com\/www.buehnen.de\/blog\/wp-content\/uploads\/2024\/09\/20240830_182601-scaled.jpg?resize=140%2C300&amp;ssl=1 140w, https:\/\/i0.wp.com\/www.buehnen.de\/blog\/wp-content\/uploads\/2024\/09\/20240830_182601-scaled.jpg?resize=768%2C1645&amp;ssl=1 768w, https:\/\/i0.wp.com\/www.buehnen.de\/blog\/wp-content\/uploads\/2024\/09\/20240830_182601-scaled.jpg?resize=717%2C1536&amp;ssl=1 717w, https:\/\/i0.wp.com\/www.buehnen.de\/blog\/wp-content\/uploads\/2024\/09\/20240830_182601-scaled.jpg?resize=956%2C2048&amp;ssl=1 956w, https:\/\/i0.wp.com\/www.buehnen.de\/blog\/wp-content\/uploads\/2024\/09\/20240830_182601-scaled.jpg?w=1196&amp;ssl=1 1196w\" sizes=\"(max-width: 478px) 100vw, 478px\" \/><figcaption class=\"wp-block-jetpack-slideshow_caption gallery-caption\">Heike Lau<\/figcaption><\/figure><\/li><li class=\"wp-block-jetpack-slideshow_slide swiper-slide\"><figure><img data-recalc-dims=\"1\" loading=\"lazy\" decoding=\"async\" width=\"478\" height=\"1024\" alt=\"\" class=\"wp-block-jetpack-slideshow_image wp-image-2594\" data-id=\"2594\" src=\"https:\/\/i0.wp.com\/www.buehnen.de\/blog\/wp-content\/uploads\/2024\/09\/20240830_183503.jpg?resize=478%2C1024&#038;ssl=1\" srcset=\"https:\/\/i0.wp.com\/www.buehnen.de\/blog\/wp-content\/uploads\/2024\/09\/20240830_183503-scaled.jpg?resize=478%2C1024&amp;ssl=1 478w, https:\/\/i0.wp.com\/www.buehnen.de\/blog\/wp-content\/uploads\/2024\/09\/20240830_183503-scaled.jpg?resize=140%2C300&amp;ssl=1 140w, https:\/\/i0.wp.com\/www.buehnen.de\/blog\/wp-content\/uploads\/2024\/09\/20240830_183503-scaled.jpg?resize=768%2C1645&amp;ssl=1 768w, https:\/\/i0.wp.com\/www.buehnen.de\/blog\/wp-content\/uploads\/2024\/09\/20240830_183503-scaled.jpg?resize=717%2C1536&amp;ssl=1 717w, https:\/\/i0.wp.com\/www.buehnen.de\/blog\/wp-content\/uploads\/2024\/09\/20240830_183503-scaled.jpg?resize=956%2C2048&amp;ssl=1 956w, https:\/\/i0.wp.com\/www.buehnen.de\/blog\/wp-content\/uploads\/2024\/09\/20240830_183503-scaled.jpg?w=1196&amp;ssl=1 1196w\" sizes=\"(max-width: 478px) 100vw, 478px\" \/><figcaption class=\"wp-block-jetpack-slideshow_caption gallery-caption\">Tobias Rohn<\/figcaption><\/figure><\/li><li class=\"wp-block-jetpack-slideshow_slide swiper-slide\"><figure><img data-recalc-dims=\"1\" loading=\"lazy\" decoding=\"async\" width=\"478\" height=\"1024\" alt=\"\" class=\"wp-block-jetpack-slideshow_image wp-image-2592\" data-id=\"2592\" src=\"https:\/\/i0.wp.com\/www.buehnen.de\/blog\/wp-content\/uploads\/2024\/09\/20240830_184017.jpg?resize=478%2C1024&#038;ssl=1\" srcset=\"https:\/\/i0.wp.com\/www.buehnen.de\/blog\/wp-content\/uploads\/2024\/09\/20240830_184017-scaled.jpg?resize=478%2C1024&amp;ssl=1 478w, https:\/\/i0.wp.com\/www.buehnen.de\/blog\/wp-content\/uploads\/2024\/09\/20240830_184017-scaled.jpg?resize=140%2C300&amp;ssl=1 140w, https:\/\/i0.wp.com\/www.buehnen.de\/blog\/wp-content\/uploads\/2024\/09\/20240830_184017-scaled.jpg?resize=768%2C1645&amp;ssl=1 768w, https:\/\/i0.wp.com\/www.buehnen.de\/blog\/wp-content\/uploads\/2024\/09\/20240830_184017-scaled.jpg?resize=717%2C1536&amp;ssl=1 717w, https:\/\/i0.wp.com\/www.buehnen.de\/blog\/wp-content\/uploads\/2024\/09\/20240830_184017-scaled.jpg?resize=956%2C2048&amp;ssl=1 956w, https:\/\/i0.wp.com\/www.buehnen.de\/blog\/wp-content\/uploads\/2024\/09\/20240830_184017-scaled.jpg?w=1196&amp;ssl=1 1196w\" sizes=\"(max-width: 478px) 100vw, 478px\" \/><figcaption class=\"wp-block-jetpack-slideshow_caption gallery-caption\">Melanie Peters<\/figcaption><\/figure><\/li><\/ul><a class=\"wp-block-jetpack-slideshow_button-prev swiper-button-prev swiper-button-white\" role=\"button\"><\/a><a class=\"wp-block-jetpack-slideshow_button-next swiper-button-next swiper-button-white\" role=\"button\"><\/a><a aria-label=\"Pause Slideshow\" class=\"wp-block-jetpack-slideshow_button-pause\" role=\"button\"><\/a><div class=\"wp-block-jetpack-slideshow_pagination swiper-pagination swiper-pagination-white\"><\/div><\/div><\/div>\n","protected":false},"excerpt":{"rendered":"<p>Sommerfest in Bremen &#8211; Gartenparty mit Pool im Innenhof f\u00fcr das Bremer Team.<\/p>\n","protected":false},"author":2,"featured_media":103,"comment_status":"open","ping_status":"open","sticky":false,"template":"","format":"standard","meta":{"jetpack_post_was_ever_published":false,"_jetpack_newsletter_access":"","_jetpack_dont_email_post_to_subs":false,"_jetpack_newsletter_tier_id":0,"_jetpack_memberships_contains_paywalled_content":false,"_jetpack_memberships_contains_paid_content":false,"footnotes":"","jetpack_publicize_message":"","jetpack_publicize_feature_enabled":true,"jetpack_social_post_already_shared":true,"jetpack_social_options":{"image_generator_settings":{"template":"highway","default_image_id":0,"font":"","enabled":false},"version":2}},"categories":[1,9,4],"tags":[122,38,65],"class_list":["post-2589","post","type-post","status-publish","format-standard","has-post-thumbnail","hentry","category-allgemein","category-backstage","category-kurz-notiert","tag-122","tag-backstage","tag-benefits"],"jetpack_publicize_connections":[],"jetpack_featured_media_url":"https:\/\/i0.wp.com\/www.buehnen.de\/blog\/wp-content\/uploads\/2021\/07\/backstage.jpg?fit=900%2C250&ssl=1","jetpack_sharing_enabled":true,"jetpack_likes_enabled":true,"_links":{"self":[{"href":"https:\/\/www.buehnen.de\/blog\/wp-json\/wp\/v2\/posts\/2589","targetHints":{"allow":["GET"]}}],"collection":[{"href":"https:\/\/www.buehnen.de\/blog\/wp-json\/wp\/v2\/posts"}],"about":[{"href":"https:\/\/www.buehnen.de\/blog\/wp-json\/wp\/v2\/types\/post"}],"author":[{"embeddable":true,"href":"https:\/\/www.buehnen.de\/blog\/wp-json\/wp\/v2\/users\/2"}],"replies":[{"embeddable":true,"href":"https:\/\/www.buehnen.de\/blog\/wp-json\/wp\/v2\/comments?post=2589"}],"version-history":[{"count":3,"href":"https:\/\/www.buehnen.de\/blog\/wp-json\/wp\/v2\/posts\/2589\/revisions"}],"predecessor-version":[{"id":2599,"href":"https:\/\/www.buehnen.de\/blog\/wp-json\/wp\/v2\/posts\/2589\/revisions\/2599"}],"wp:featuredmedia":[{"embeddable":true,"href":"https:\/\/www.buehnen.de\/blog\/wp-json\/wp\/v2\/media\/103"}],"wp:attachment":[{"href":"https:\/\/www.buehnen.de\/blog\/wp-json\/wp\/v2\/media?parent=2589"}],"wp:term":[{"taxonomy":"category","embeddable":true,"href":"https:\/\/www.buehnen.de\/blog\/wp-json\/wp\/v2\/categories?post=2589"},{"taxonomy":"post_tag","embeddable":true,"href":"https:\/\/www.buehnen.de\/blog\/wp-json\/wp\/v2\/tags?post=2589"}],"curies":[{"name":"wp","href":"https:\/\/api.w.org\/{rel}","templated":true}]}}