{"id":2809,"date":"2025-06-04T12:24:10","date_gmt":"2025-06-04T10:24:10","guid":{"rendered":"https:\/\/www.buehnen.de\/blog\/?p=2809"},"modified":"2025-06-04T12:24:10","modified_gmt":"2025-06-04T10:24:10","slug":"plastikabfall-als-ressource-begreifen-kooperation-mit-precious-plastic-bremen","status":"publish","type":"post","link":"https:\/\/www.buehnen.de\/blog\/plastikabfall-als-ressource-begreifen-kooperation-mit-precious-plastic-bremen\/","title":{"rendered":"Plastikabfall als Ressource begreifen \u2013 Kooperation mit Precious Plastic Bremen"},"content":{"rendered":"\n<p>Im Februar 2024 ist aus einer Beratung durch das <em>Enterprise Europe Network (EEN)<\/em> bei der RKW Bremen GmbH eine besondere Kooperation entstanden: Wir von <strong>B\u00dcHNEN GmbH &amp; Co. KG<\/strong> stellen dem gemeinn\u00fctzigen Projekt <strong>Precious Plastic Bremen gUG<\/strong> unsere ausgedienten Verpackungskoffer aus PET zur Verf\u00fcgung \u2013 als wertvollen Rohstoff zur Wiederverwertung.<\/p>\n\n\n\n<div class=\"wp-block-media-text is-stacked-on-mobile\" style=\"grid-template-columns:15% auto\"><figure class=\"wp-block-media-text__media\"><img data-recalc-dims=\"1\" loading=\"lazy\" decoding=\"async\" width=\"97\" height=\"97\" src=\"https:\/\/i0.wp.com\/www.buehnen.de\/blog\/wp-content\/uploads\/2025\/06\/image.png?resize=97%2C97&#038;ssl=1\" alt=\"\" class=\"wp-image-2813 size-full\"\/><\/figure><div class=\"wp-block-media-text__content\">\n<p>Das Projekt <strong>\u201ePlastikabfall neues Leben schenken\u201c<\/strong> setzt genau hier an: Es kl\u00e4rt Sch\u00fcler*innen in Bremen und Niedersachsen \u00fcber Plastikverschmutzung auf und zeigt konkrete Wege zur Weiternutzung von Plastik auf. In den Workshops der Initiative wird das Material geschreddert und zu neuem Granulat verarbeitet \u2013 ein greifbarer Beitrag zur Kreislaufwirtschaft, der jungen Menschen gleichzeitig nachhaltiges Denken n\u00e4herbringt.<\/p>\n<\/div><\/div>\n\n\n\n<h3 class=\"wp-block-heading\">EEN verbindet \u2013 und wir handeln<\/h3>\n\n\n\n<div class=\"wp-block-media-text has-media-on-the-right is-stacked-on-mobile\" style=\"grid-template-columns:auto 25%\"><div class=\"wp-block-media-text__content\">\n<p>Im Rahmen eines kostenlosen Nachhaltigkeitschecks durch das EEN-Netzwerk wurde schnell klar: Wir bei B\u00dcHNEN verfolgen bereits viele nachhaltige Ans\u00e4tze. Unsere CO\u2082-Einsparungen durch die neue Photovoltaikanlage am Standort Bremen, der Verzicht auf lackierte Versandverpackungen oder die Umstellung von Folie auf recyceltes Papier \u2013 all das zahlt auf unser Ziel ein, als Industrieunternehmen verantwortungsvoll zu wirtschaften.<\/p>\n\n\n\n<p>Doch auch bei uns fallen regelm\u00e4\u00dfig Altmaterialien wie PET-Koffer an \u2013 hochwertiges, sogenanntes <em>Virgin-PET<\/em>, das ideal f\u00fcr die Weiterverarbeitung geeignet ist. Die Vermittlung an das Projekt Precious Plastic durch EEN-Nachhaltigkeitsexpertin <strong>Friederike Oelzen<\/strong> brachte alles ins Rollen.<\/p>\n<\/div><figure class=\"wp-block-media-text__media\"><img data-recalc-dims=\"1\" loading=\"lazy\" decoding=\"async\" width=\"400\" height=\"372\" src=\"https:\/\/i0.wp.com\/www.buehnen.de\/blog\/wp-content\/uploads\/2025\/06\/image-3.png?resize=400%2C372&#038;ssl=1\" alt=\"\" class=\"wp-image-2824 size-full\" srcset=\"https:\/\/i0.wp.com\/www.buehnen.de\/blog\/wp-content\/uploads\/2025\/06\/image-3.png?w=400&amp;ssl=1 400w, https:\/\/i0.wp.com\/www.buehnen.de\/blog\/wp-content\/uploads\/2025\/06\/image-3.png?resize=300%2C279&amp;ssl=1 300w\" sizes=\"auto, (max-width: 400px) 100vw, 400px\" \/><\/figure><\/div>\n\n\n\n<p>Im Rahmen eines kostenlosen Nachhaltigkeitschecks durch das EEN-Netzwerk wurde schnell klar: Wir bei B\u00dcHNEN verfolgen bereits viele nachhaltige Ans\u00e4tze. Unsere CO\u2082-Einsparungen durch die neue Photovoltaikanlage am Standort Bremen, der Verzicht auf lackierte Versandverpackungen oder die Umstellung von Folie auf recyceltes Papier \u2013 all das zahlt auf unser Ziel ein, als Industrieunternehmen verantwortungsvoll zu wirtschaften.<\/p>\n\n\n\n<p>Doch auch bei uns fallen regelm\u00e4\u00dfig Altmaterialien wie PET-Koffer an \u2013 hochwertiges, sogenanntes <em>Virgin-PET<\/em>, das ideal f\u00fcr die Weiterverarbeitung geeignet ist. Die Vermittlung an das Projekt Precious Plastic durch EEN-Nachhaltigkeitsexpertin <strong>Friederike Oelzen<\/strong> brachte alles ins Rollen.<\/p>\n\n\n\n<h3 class=\"wp-block-heading\">\u201eUnternehmen m\u00fcssen Verantwortung \u00fcbernehmen.\u201c<\/h3>\n\n\n\n<p>F\u00fcr Ricardo Santanna, Projektleiter von Precious Plastic Bremen, ist das Thema Plastikabfall mehr als nur ein Umweltproblem \u2013 es ist eine gesellschaftliche Aufgabe:<\/p>\n\n\n\n<blockquote class=\"wp-block-quote is-layout-flow wp-block-quote-is-layout-flow\">\n<p><em>\u201eDie Produktion und der Einsatz von Plastik m\u00fcssen f\u00fcr Wiederverwertung gedacht werden. Unternehmen m\u00fcssen Verantwortung \u00fcbernehmen und ein Teil des Profits muss in Konzepte zur Vermeidung und Reduktion investiert werden.\u201c<\/em><\/p>\n<\/blockquote>\n\n\n\n<p>Auch f\u00fcr uns bei B\u00dcHNEN ist klar: Nur wenn wir <em>von Anfang an in Kreisl\u00e4ufen denken<\/em>, k\u00f6nnen nachhaltige Produktkonzepte gelingen. Sortenreinheit ist dabei ein Schl\u00fcssel \u2013 gerade in der verarbeitenden Industrie.<\/p>\n\n\n\n<p>Unsere Marketingleiterin <strong>Heike Lau<\/strong> bringt es auf den Punkt:<\/p>\n\n\n\n<blockquote class=\"wp-block-quote is-layout-flow wp-block-quote-is-layout-flow\">\n<p><em>\u201eWir sind wendig und haben eine mutige Gesch\u00e4ftsf\u00fchrung. Nachhaltiges unternehmerisches Handeln ist ein fortlaufender Prozess und Motor unserer erfolgreichen Strategie.\u201c<\/em><\/p>\n<\/blockquote>\n\n\n\n<h3 class=\"wp-block-heading\">Gemeinsam Kreise schlie\u00dfen \u2013 jetzt unterst\u00fctzen!<\/h3>\n\n\n\n<p>Die Zusammenarbeit mit Precious Plastic Bremen ist f\u00fcr uns mehr als ein Nachhaltigkeitsprojekt \u2013 sie ist ein Beispiel daf\u00fcr, wie regionale Partnerschaften und gemeinsame Werte echten Impact schaffen k\u00f6nnen.<\/p>\n\n\n\n<p>\ud83d\udca1 <strong>M\u00f6chtet Ihr auch etwas bewegen?<\/strong> Dann unterst\u00fctzt die Crowdfunding-Aktion <strong><a class=\"\" href=\"https:\/\/www.startnext.com\/plastkreis-muellvermeidung\">Plastkreis \u2013 M\u00fcllvermeidung durch Aufkl\u00e4rung<\/a><\/strong> auf Startnext! Jeder Beitrag hilft, weitere Workshops zu realisieren und noch mehr Kinder und Jugendliche f\u00fcr nachhaltiges Denken zu begeistern.<\/p>\n\n\n\n<figure class=\"wp-block-image size-large\"><img data-recalc-dims=\"1\" loading=\"lazy\" decoding=\"async\" width=\"860\" height=\"574\" src=\"https:\/\/i0.wp.com\/www.buehnen.de\/blog\/wp-content\/uploads\/2025\/06\/Uebergabe-der-Koffer.jpg?resize=860%2C574&#038;ssl=1\" alt=\"\" class=\"wp-image-2819\" srcset=\"https:\/\/i0.wp.com\/www.buehnen.de\/blog\/wp-content\/uploads\/2025\/06\/Uebergabe-der-Koffer-scaled.jpg?resize=1024%2C684&amp;ssl=1 1024w, https:\/\/i0.wp.com\/www.buehnen.de\/blog\/wp-content\/uploads\/2025\/06\/Uebergabe-der-Koffer-scaled.jpg?resize=300%2C200&amp;ssl=1 300w, https:\/\/i0.wp.com\/www.buehnen.de\/blog\/wp-content\/uploads\/2025\/06\/Uebergabe-der-Koffer-scaled.jpg?resize=768%2C513&amp;ssl=1 768w, https:\/\/i0.wp.com\/www.buehnen.de\/blog\/wp-content\/uploads\/2025\/06\/Uebergabe-der-Koffer-scaled.jpg?resize=1536%2C1025&amp;ssl=1 1536w, https:\/\/i0.wp.com\/www.buehnen.de\/blog\/wp-content\/uploads\/2025\/06\/Uebergabe-der-Koffer-scaled.jpg?resize=2048%2C1367&amp;ssl=1 2048w, https:\/\/i0.wp.com\/www.buehnen.de\/blog\/wp-content\/uploads\/2025\/06\/Uebergabe-der-Koffer-scaled.jpg?w=1720&amp;ssl=1 1720w\" sizes=\"auto, (max-width: 860px) 100vw, 860px\" \/><figcaption class=\"wp-element-caption\">v.l. EEN-Nachhaltigkeitsexpertin <strong>Friederike Oelzen<\/strong>, <strong>Ricardo Santanna<\/strong>, Projektleiter von Precious Plastic Bremen, <strong>Heike Lau<\/strong>, <strong>Jan Hunke<\/strong> und <strong>Bert Gausepohl<\/strong>, alle von B\u00dcHNEN<\/figcaption><\/figure>\n","protected":false},"excerpt":{"rendered":"<p>Ein starkes Netzwerk, eine gute Idee und ein gemeinsames Ziel: Plastikabfall sinnvoll wiederverwenden und Bewusstsein f\u00fcr nachhaltigen Umgang mit Ressourcen schaffen.<\/p>\n","protected":false},"author":2,"featured_media":2822,"comment_status":"open","ping_status":"open","sticky":false,"template":"","format":"standard","meta":{"jetpack_post_was_ever_published":false,"_jetpack_newsletter_access":"","_jetpack_dont_email_post_to_subs":false,"_jetpack_newsletter_tier_id":0,"_jetpack_memberships_contains_paywalled_content":false,"_jetpack_memberships_contains_paid_content":false,"footnotes":"","jetpack_publicize_message":"","jetpack_publicize_feature_enabled":true,"jetpack_social_post_already_shared":true,"jetpack_social_options":{"image_generator_settings":{"template":"highway","default_image_id":0,"font":"","enabled":false},"version":2}},"categories":[1],"tags":[],"class_list":["post-2809","post","type-post","status-publish","format-standard","has-post-thumbnail","hentry","category-allgemein"],"jetpack_publicize_connections":[],"jetpack_featured_media_url":"https:\/\/i0.wp.com\/www.buehnen.de\/blog\/wp-content\/uploads\/2025\/06\/DSC_5153-Edit.jpg?fit=1024%2C1024&ssl=1","jetpack_sharing_enabled":true,"jetpack_likes_enabled":true,"_links":{"self":[{"href":"https:\/\/www.buehnen.de\/blog\/wp-json\/wp\/v2\/posts\/2809","targetHints":{"allow":["GET"]}}],"collection":[{"href":"https:\/\/www.buehnen.de\/blog\/wp-json\/wp\/v2\/posts"}],"about":[{"href":"https:\/\/www.buehnen.de\/blog\/wp-json\/wp\/v2\/types\/post"}],"author":[{"embeddable":true,"href":"https:\/\/www.buehnen.de\/blog\/wp-json\/wp\/v2\/users\/2"}],"replies":[{"embeddable":true,"href":"https:\/\/www.buehnen.de\/blog\/wp-json\/wp\/v2\/comments?post=2809"}],"version-history":[{"count":3,"href":"https:\/\/www.buehnen.de\/blog\/wp-json\/wp\/v2\/posts\/2809\/revisions"}],"predecessor-version":[{"id":2825,"href":"https:\/\/www.buehnen.de\/blog\/wp-json\/wp\/v2\/posts\/2809\/revisions\/2825"}],"wp:featuredmedia":[{"embeddable":true,"href":"https:\/\/www.buehnen.de\/blog\/wp-json\/wp\/v2\/media\/2822"}],"wp:attachment":[{"href":"https:\/\/www.buehnen.de\/blog\/wp-json\/wp\/v2\/media?parent=2809"}],"wp:term":[{"taxonomy":"category","embeddable":true,"href":"https:\/\/www.buehnen.de\/blog\/wp-json\/wp\/v2\/categories?post=2809"},{"taxonomy":"post_tag","embeddable":true,"href":"https:\/\/www.buehnen.de\/blog\/wp-json\/wp\/v2\/tags?post=2809"}],"curies":[{"name":"wp","href":"https:\/\/api.w.org\/{rel}","templated":true}]}}