{"id":2951,"date":"2026-05-01T08:52:41","date_gmt":"2026-05-01T06:52:41","guid":{"rendered":"https:\/\/www.buehnen.de\/blog\/?p=2951"},"modified":"2026-04-28T09:00:33","modified_gmt":"2026-04-28T07:00:33","slug":"familienplaner-2026-mai-schattenspiele","status":"publish","type":"post","link":"https:\/\/www.buehnen.de\/blog\/familienplaner-2026-mai-schattenspiele\/","title":{"rendered":"Familienplaner 2026 \/ Mai \u2013 \u201eSchattenspiele\u201c"},"content":{"rendered":"\n<p><em>Mit klare Linien und Kontraste durch das starke Sonnenlicht beeindruckt das Bild, das Kaspar auf Kreta schie\u00dfen konnte.<\/em><\/p>\n\n\n<div class=\"wp-block-image\">\n<figure class=\"aligncenter size-full\"><img data-recalc-dims=\"1\" loading=\"lazy\" decoding=\"async\" width=\"860\" height=\"1209\" src=\"https:\/\/i0.wp.com\/www.buehnen.de\/blog\/wp-content\/uploads\/2026\/04\/familienplaner_2026_04.webp?resize=860%2C1209&#038;ssl=1\" alt=\"\" class=\"wp-image-2900\" srcset=\"https:\/\/i0.wp.com\/www.buehnen.de\/blog\/wp-content\/uploads\/2026\/04\/familienplaner_2026_04.webp?w=1431&amp;ssl=1 1431w, https:\/\/i0.wp.com\/www.buehnen.de\/blog\/wp-content\/uploads\/2026\/04\/familienplaner_2026_04.webp?resize=213%2C300&amp;ssl=1 213w, https:\/\/i0.wp.com\/www.buehnen.de\/blog\/wp-content\/uploads\/2026\/04\/familienplaner_2026_04.webp?resize=728%2C1024&amp;ssl=1 728w, https:\/\/i0.wp.com\/www.buehnen.de\/blog\/wp-content\/uploads\/2026\/04\/familienplaner_2026_04.webp?resize=768%2C1080&amp;ssl=1 768w, https:\/\/i0.wp.com\/www.buehnen.de\/blog\/wp-content\/uploads\/2026\/04\/familienplaner_2026_04.webp?resize=1092%2C1536&amp;ssl=1 1092w\" sizes=\"auto, (max-width: 860px) 100vw, 860px\" \/><\/figure>\n<\/div>\n\n<div class=\"wp-block-image\">\n<figure class=\"alignright size-full is-resized\"><img data-recalc-dims=\"1\" loading=\"lazy\" decoding=\"async\" width=\"600\" height=\"900\" src=\"https:\/\/i0.wp.com\/www.buehnen.de\/blog\/wp-content\/uploads\/2024\/08\/Kaspar-Kolassa-media73.jpg?resize=600%2C900&#038;ssl=1\" alt=\"\" class=\"wp-image-2542\" style=\"width:230px;height:auto\" srcset=\"https:\/\/i0.wp.com\/www.buehnen.de\/blog\/wp-content\/uploads\/2024\/08\/Kaspar-Kolassa-media73.jpg?w=600&amp;ssl=1 600w, https:\/\/i0.wp.com\/www.buehnen.de\/blog\/wp-content\/uploads\/2024\/08\/Kaspar-Kolassa-media73.jpg?resize=200%2C300&amp;ssl=1 200w\" sizes=\"auto, (max-width: 600px) 100vw, 600px\" \/><\/figure>\n<\/div>\n\n\n<h3 class=\"wp-block-heading\">Kaspar Kola\u00dfa<\/h3>\n\n\n\n<p>arbeitet als Foto- und Videograf bei B\u00dcHNEN.<\/p>\n\n\n\n<p><strong>Hobbykoch mit Kamera<\/strong><br>Es sind diese Leidenschaften \u2013 die Fotografie und das Kochen \u2013 die ihm eine einzigartige Perspektive auf die Welt geben. Seine Reisen erlauben es ihm, neue Aromen und Techniken zu entdecken, die er dann in seiner eigenen K\u00fcche bzw. im Fotostudio umsetzt.<\/p>\n\n\n\n<p><strong>Seit 2022 bei B\u00dcHNEN<\/strong><br>Kaspar ist im Marketing t\u00e4tig. T\u00e4glich setzt er unsere Produkte mit seinen fotografischen F\u00e4higkeiten ins rechte Licht. Mit seinen Videos tr\u00e4gt er viel zum Verst\u00e4ndnis f\u00fcr unsere Ger\u00e4te und Klebstoffe bei.<br><br><em>\u201eKreta \u2013 Licht und Schatten \u2013 Georgioupoli, ein charmantes K\u00fcstendorf im Norden Kretas,mit Sandstrand, Hafenpromenade und einer Kapelle im Meer. Die beeindruckende Kulisse zwischen Bergen und K\u00fcste macht den Ort besonders. Mein Foto entstand im November 2024 in einer Hotelanlage, an diesem Ort faszinierte mich besonders die Architektur. Durch das starke Sonnenlicht entstanden klare Linien und Kontraste. In Schwarzwei\u00df kommt diese minimalistische \u00c4sthetik noch besser zur Geltung.\u201c<\/em><\/p>\n\n\n\n<p><strong>Smartphone: <\/strong>Fujifilm X-T2<br><strong>Objektiv:<\/strong> 23 mm<br><strong>Blende:<\/strong> F\/8<br><strong>Belichtungszeit: <\/strong>1\/500 s<br><strong>ISO-Filmempfindlichkeit:<\/strong> ISO 400<br><strong>Ort: <\/strong>Kreta<\/p>\n\n\n\n<p><\/p>\n","protected":false},"excerpt":{"rendered":"<p>Mit klare Linien und Kontraste durch das starke Sonnenlicht beeindruckt das Bild, das Kaspar auf Kreta schie\u00dfen konnte. Kaspar Kola\u00dfa arbeitet als Foto- und Videograf bei B\u00dcHNEN. Hobbykoch mit KameraEs sind diese Leidenschaften \u2013 die Fotografie und das Kochen \u2013 die ihm eine einzigartige Perspektive auf die Welt geben. Seine Reisen erlauben es ihm, neue Aromen und Techniken zu entdecken, [&hellip;]<\/p>\n","protected":false},"author":1,"featured_media":0,"comment_status":"open","ping_status":"open","sticky":false,"template":"","format":"standard","meta":{"jetpack_post_was_ever_published":false,"_jetpack_newsletter_access":"","_jetpack_dont_email_post_to_subs":false,"_jetpack_newsletter_tier_id":0,"_jetpack_memberships_contains_paywalled_content":false,"_jetpack_memberships_contains_paid_content":false,"footnotes":"","jetpack_publicize_message":"","jetpack_publicize_feature_enabled":true,"jetpack_social_post_already_shared":true,"jetpack_social_options":{"image_generator_settings":{"template":"highway","default_image_id":0,"font":"","enabled":false},"version":2}},"categories":[1],"tags":[],"class_list":["post-2951","post","type-post","status-publish","format-standard","hentry","category-allgemein"],"jetpack_publicize_connections":[],"jetpack_featured_media_url":"","jetpack_sharing_enabled":true,"jetpack_likes_enabled":true,"_links":{"self":[{"href":"https:\/\/www.buehnen.de\/blog\/wp-json\/wp\/v2\/posts\/2951","targetHints":{"allow":["GET"]}}],"collection":[{"href":"https:\/\/www.buehnen.de\/blog\/wp-json\/wp\/v2\/posts"}],"about":[{"href":"https:\/\/www.buehnen.de\/blog\/wp-json\/wp\/v2\/types\/post"}],"author":[{"embeddable":true,"href":"https:\/\/www.buehnen.de\/blog\/wp-json\/wp\/v2\/users\/1"}],"replies":[{"embeddable":true,"href":"https:\/\/www.buehnen.de\/blog\/wp-json\/wp\/v2\/comments?post=2951"}],"version-history":[{"count":1,"href":"https:\/\/www.buehnen.de\/blog\/wp-json\/wp\/v2\/posts\/2951\/revisions"}],"predecessor-version":[{"id":2952,"href":"https:\/\/www.buehnen.de\/blog\/wp-json\/wp\/v2\/posts\/2951\/revisions\/2952"}],"wp:attachment":[{"href":"https:\/\/www.buehnen.de\/blog\/wp-json\/wp\/v2\/media?parent=2951"}],"wp:term":[{"taxonomy":"category","embeddable":true,"href":"https:\/\/www.buehnen.de\/blog\/wp-json\/wp\/v2\/categories?post=2951"},{"taxonomy":"post_tag","embeddable":true,"href":"https:\/\/www.buehnen.de\/blog\/wp-json\/wp\/v2\/tags?post=2951"}],"curies":[{"name":"wp","href":"https:\/\/api.w.org\/{rel}","templated":true}]}}