{"id":543,"date":"2021-11-24T05:01:00","date_gmt":"2021-11-24T04:01:00","guid":{"rendered":"https:\/\/www.buehnen.de\/blog\/?p=543"},"modified":"2021-11-24T09:31:30","modified_gmt":"2021-11-24T08:31:30","slug":"empack-madrid-gemeinsamer-messestand-mit-maquimelt","status":"publish","type":"post","link":"https:\/\/www.buehnen.de\/blog\/empack-madrid-gemeinsamer-messestand-mit-maquimelt\/","title":{"rendered":"Empack Madrid &#8211; Messestand mit MaquiMelt"},"content":{"rendered":"\n<div class=\"wp-block-image\"><figure class=\"alignleft size-full\"><img data-recalc-dims=\"1\" loading=\"lazy\" decoding=\"async\" width=\"300\" height=\"169\" src=\"https:\/\/i0.wp.com\/www.buehnen.de\/blog\/wp-content\/uploads\/2021\/11\/Maquimelt-151-300x169-2.png?resize=300%2C169&#038;ssl=1\" alt=\"\" class=\"wp-image-550\"\/><\/figure><\/div>\n\n\n\n<p>Am 24. und 25. November findet in Madrid die Verpackungsmesse Empack statt. Gemeinsam mit unserem spanischen Gro\u00dfh\u00e4ndler MaquiMelt Ib\u00e9rica sind wir in Spanien vor Ort. <\/p>\n\n\n\n<div class=\"wp-block-image\"><figure class=\"alignright size-large is-resized\"><img data-recalc-dims=\"1\" loading=\"lazy\" decoding=\"async\" src=\"https:\/\/i0.wp.com\/www.buehnen.de\/blog\/wp-content\/uploads\/2021\/11\/Marc-van-Moorsel-.jpg?resize=186%2C303&#038;ssl=1\" alt=\"\" class=\"wp-image-551\" width=\"186\" height=\"303\" srcset=\"https:\/\/i0.wp.com\/www.buehnen.de\/blog\/wp-content\/uploads\/2021\/11\/Marc-van-Moorsel--scaled.jpg?resize=631%2C1024&amp;ssl=1 631w, https:\/\/i0.wp.com\/www.buehnen.de\/blog\/wp-content\/uploads\/2021\/11\/Marc-van-Moorsel--scaled.jpg?resize=185%2C300&amp;ssl=1 185w, https:\/\/i0.wp.com\/www.buehnen.de\/blog\/wp-content\/uploads\/2021\/11\/Marc-van-Moorsel--scaled.jpg?resize=768%2C1246&amp;ssl=1 768w, https:\/\/i0.wp.com\/www.buehnen.de\/blog\/wp-content\/uploads\/2021\/11\/Marc-van-Moorsel--scaled.jpg?resize=947%2C1536&amp;ssl=1 947w, https:\/\/i0.wp.com\/www.buehnen.de\/blog\/wp-content\/uploads\/2021\/11\/Marc-van-Moorsel--scaled.jpg?resize=1263%2C2048&amp;ssl=1 1263w, https:\/\/i0.wp.com\/www.buehnen.de\/blog\/wp-content\/uploads\/2021\/11\/Marc-van-Moorsel--scaled.jpg?w=1578&amp;ssl=1 1578w\" sizes=\"auto, (max-width: 186px) 100vw, 186px\" \/><\/figure><\/div>\n\n\n\n<p><strong>In Halle 9 am Stand 9J14 werden das spanische H\u00e4ndlerteam und Marc van Moorsel interessierte Besucher zu den Schmelzklebstoffl\u00f6sungen aus dem Hause B\u00dcHNEN beraten. <\/strong>Lange waren auch in Spanien keine Messebesuche in Pr\u00e4senz m\u00f6glich. Die Empack ist die erste gr\u00f6\u00dfere Verpackungsmesse in diesem Jahr. Von 10 bis 18.30 Uhr k\u00f6nnen Besucher an zwei Tagen mehr als 100 Aussteller treffen.<\/p>\n\n\n\n<p><strong>Marc von Moorsel ist als International Sales Manager in Europa f\u00fcr B\u00dcHNEN unterwegs<\/strong>. Er betreut Kunden und Gro\u00dfh\u00e4ndler in allen Fragen vor Ort. Unterst\u00fctzt wird er in seiner Arbeit durch Melanie Peters und Nevzat G\u00fcrtekin aus dem Bremer Innendienst. <\/p>\n\n\n\n<p>Falls Ihr international Unterst\u00fctzung braucht, <a href=\"https:\/\/www.buehnen.de\/kontakt\/international\" data-type=\"URL\" data-id=\"https:\/\/www.buehnen.de\/kontakt\/international\">Marc ist nur einen Flug weit entfernt.<\/a><\/p>\n\n\n\n<p><\/p>\n\n\n\n<figure class=\"wp-block-image size-large\"><img data-recalc-dims=\"1\" loading=\"lazy\" decoding=\"async\" width=\"768\" height=\"1024\" src=\"https:\/\/i0.wp.com\/www.buehnen.de\/blog\/wp-content\/uploads\/2021\/11\/Messestand-Empack-768x1024.jpg?resize=768%2C1024&#038;ssl=1\" alt=\"\" class=\"wp-image-613\" srcset=\"https:\/\/i0.wp.com\/www.buehnen.de\/blog\/wp-content\/uploads\/2021\/11\/Messestand-Empack-scaled.jpg?resize=768%2C1024&amp;ssl=1 768w, https:\/\/i0.wp.com\/www.buehnen.de\/blog\/wp-content\/uploads\/2021\/11\/Messestand-Empack-scaled.jpg?resize=225%2C300&amp;ssl=1 225w, https:\/\/i0.wp.com\/www.buehnen.de\/blog\/wp-content\/uploads\/2021\/11\/Messestand-Empack-scaled.jpg?resize=1152%2C1536&amp;ssl=1 1152w, https:\/\/i0.wp.com\/www.buehnen.de\/blog\/wp-content\/uploads\/2021\/11\/Messestand-Empack-scaled.jpg?resize=1536%2C2048&amp;ssl=1 1536w, https:\/\/i0.wp.com\/www.buehnen.de\/blog\/wp-content\/uploads\/2021\/11\/Messestand-Empack-scaled.jpg?w=1920&amp;ssl=1 1920w, https:\/\/i0.wp.com\/www.buehnen.de\/blog\/wp-content\/uploads\/2021\/11\/Messestand-Empack-scaled.jpg?w=1720&amp;ssl=1 1720w\" sizes=\"auto, (max-width: 768px) 100vw, 768px\" \/><figcaption>Letzte Vorbereitungen bevor die T\u00fcren sich \u00f6ffnen.<\/figcaption><\/figure>\n","protected":false},"excerpt":{"rendered":"<p>Heute beginnt die Verpackungsmesse Empack in Madrid, Spanien und wir sind mit dabei!<\/p>\n","protected":false},"author":2,"featured_media":0,"comment_status":"open","ping_status":"open","sticky":false,"template":"","format":"standard","meta":{"jetpack_post_was_ever_published":false,"_jetpack_newsletter_access":"","_jetpack_dont_email_post_to_subs":false,"_jetpack_newsletter_tier_id":0,"_jetpack_memberships_contains_paywalled_content":false,"_jetpack_memberships_contains_paid_content":false,"footnotes":"","jetpack_publicize_message":"","jetpack_publicize_feature_enabled":true,"jetpack_social_post_already_shared":false,"jetpack_social_options":{"image_generator_settings":{"template":"highway","default_image_id":0,"font":"","enabled":false},"version":2}},"categories":[1,67,6,84],"tags":[85,61,86],"class_list":["post-543","post","type-post","status-publish","format-standard","hentry","category-allgemein","category-auftragstechnik","category-klebstoffe","category-messe","tag-export","tag-messe","tag-spanien"],"jetpack_publicize_connections":[],"jetpack_featured_media_url":"","jetpack_sharing_enabled":true,"jetpack_likes_enabled":true,"_links":{"self":[{"href":"https:\/\/www.buehnen.de\/blog\/wp-json\/wp\/v2\/posts\/543","targetHints":{"allow":["GET"]}}],"collection":[{"href":"https:\/\/www.buehnen.de\/blog\/wp-json\/wp\/v2\/posts"}],"about":[{"href":"https:\/\/www.buehnen.de\/blog\/wp-json\/wp\/v2\/types\/post"}],"author":[{"embeddable":true,"href":"https:\/\/www.buehnen.de\/blog\/wp-json\/wp\/v2\/users\/2"}],"replies":[{"embeddable":true,"href":"https:\/\/www.buehnen.de\/blog\/wp-json\/wp\/v2\/comments?post=543"}],"version-history":[{"count":4,"href":"https:\/\/www.buehnen.de\/blog\/wp-json\/wp\/v2\/posts\/543\/revisions"}],"predecessor-version":[{"id":785,"href":"https:\/\/www.buehnen.de\/blog\/wp-json\/wp\/v2\/posts\/543\/revisions\/785"}],"wp:attachment":[{"href":"https:\/\/www.buehnen.de\/blog\/wp-json\/wp\/v2\/media?parent=543"}],"wp:term":[{"taxonomy":"category","embeddable":true,"href":"https:\/\/www.buehnen.de\/blog\/wp-json\/wp\/v2\/categories?post=543"},{"taxonomy":"post_tag","embeddable":true,"href":"https:\/\/www.buehnen.de\/blog\/wp-json\/wp\/v2\/tags?post=543"}],"curies":[{"name":"wp","href":"https:\/\/api.w.org\/{rel}","templated":true}]}}