{"id":586,"date":"2022-04-28T09:32:00","date_gmt":"2022-04-28T07:32:00","guid":{"rendered":"https:\/\/www.buehnen.de\/blog\/?p=586"},"modified":"2024-08-20T10:25:17","modified_gmt":"2024-08-20T08:25:17","slug":"familienplaner-2022-mai-zillertaler-hoehenstrasse","status":"publish","type":"post","link":"https:\/\/www.buehnen.de\/blog\/familienplaner-2022-mai-zillertaler-hoehenstrasse\/","title":{"rendered":"Familienplaner 2022 \/ Mai \u2013 \u201eZillertaler H\u00f6henstra\u00dfe\u201c"},"content":{"rendered":"\n<p>In jedem Monat ziert das Foto eines unserer Mitarbeiter unseren Familienplaner 2022. Die Zillertaler H\u00f6henstra\u00dfe in \u00d6sterreich inspirierte Lutz Lehmann aus unserem Service zu diesem Motiv.<\/p>\n\n\n\n<div class=\"wp-block-image\"><figure class=\"aligncenter size-full\"><img data-recalc-dims=\"1\" loading=\"lazy\" decoding=\"async\" width=\"724\" height=\"1024\" src=\"https:\/\/i0.wp.com\/www.buehnen.de\/blog\/wp-content\/uploads\/2021\/11\/Familienkalender_2022_05.jpg?resize=724%2C1024&#038;ssl=1\" alt=\"\" class=\"wp-image-587\" srcset=\"https:\/\/i0.wp.com\/www.buehnen.de\/blog\/wp-content\/uploads\/2021\/11\/Familienkalender_2022_05.jpg?w=724&amp;ssl=1 724w, https:\/\/i0.wp.com\/www.buehnen.de\/blog\/wp-content\/uploads\/2021\/11\/Familienkalender_2022_05.jpg?resize=212%2C300&amp;ssl=1 212w\" sizes=\"auto, (max-width: 724px) 100vw, 724px\" \/><\/figure><\/div>\n\n\n\n<h3 class=\"wp-block-heading\"><strong>Lutz Lehmann<\/strong><\/h3>\n\n\n\n<p>arbeitet bei B\u00dcHNEN als Servicetechniker in der Abteilung Service und Fertigung.<\/p>\n\n\n\n<div class=\"wp-block-image\"><figure class=\"alignright size-full is-resized\"><img data-recalc-dims=\"1\" loading=\"lazy\" decoding=\"async\" src=\"https:\/\/i0.wp.com\/www.buehnen.de\/blog\/wp-content\/uploads\/2022\/04\/Lutz_Lehmann_Kalenderbild.jpg?resize=251%2C368&#038;ssl=1\" alt=\"\" class=\"wp-image-692\" width=\"251\" height=\"368\" srcset=\"https:\/\/i0.wp.com\/www.buehnen.de\/blog\/wp-content\/uploads\/2022\/04\/Lutz_Lehmann_Kalenderbild.jpg?w=502&amp;ssl=1 502w, https:\/\/i0.wp.com\/www.buehnen.de\/blog\/wp-content\/uploads\/2022\/04\/Lutz_Lehmann_Kalenderbild.jpg?resize=205%2C300&amp;ssl=1 205w\" sizes=\"auto, (max-width: 251px) 100vw, 251px\" \/><\/figure><\/div>\n\n\n\n<h4 class=\"wp-block-heading\">Wegen der Liebe nach Bremen<\/h4>\n\n\n\n<p>2014 zog es ihn in den Norden. Gemeinsam mit seiner Frau renoviert er sein Eigenheim. Bis auf die \u201eganz gro\u00dfen Sachen\u201c macht er alles selbstst\u00e4ndig. Er f\u00fchlt sich allen Aufgaben gewachsen: \u201eIch scheue vor nichts zur\u00fcck\u201c, berichtet Lehmann.<\/p>\n\n\n\n<h4 class=\"wp-block-heading\">S<strong>eit 2019 bei B\u00dcHNEN<\/strong><\/h4>\n\n\n\n<p>Die Philosophie \u201eAlles aus einer Hand\u201c tr\u00e4gt Lutz Lehmann in seinem Herzen. An B\u00dcHNEN gef\u00e4llt ihm das besonders gut. Aber nicht nur die Firmenphilosophie, auch die Benefits, wie zum Beispiel Qualitrain oder die obligatorischen Geburtstagsw\u00fcrstchen, machen f\u00fcr ihn das Bild eines Familienunternehmens rund.<\/p>\n\n\n\n<p>\u201e<em>Diese Foto entstand auf der Zillertaler H\u00f6henstra\u00dfe\/\u00d6sterreich. Die Zillertaler H\u00f6henstra\u00dfe ist eine Bergstra\u00dfe in den Tuxer Voralpen, die im s\u00fcdlichen Teil des Zillertales liegt. Sie besteht aus einer hoch \u00fcber dem Talgrund gelegenen Scheitelstrecke, sowie f\u00fcnf verschiedenen Zufahrtswegen, die von der Zillertalstra\u00dfe zu<br>diesem Streckenabschnitt hinauff\u00fchren.\u201c<\/em><\/p>\n\n\n\n<p><br><strong>Smartphone: <\/strong>Canon EOS 600D<br><strong>Objektiv:<\/strong> 18 mm<br><strong>Blende:<\/strong> f 8<br><strong>Belichtungszeit:<\/strong> 1\/200 s<br><strong>ISO-Filmempfindlichkeit:<\/strong> ISO 100<br><strong>Ort:<\/strong> \u00d6sterreich, Zillertaler H\u00f6henstra\u00dfe<\/p>\n","protected":false},"excerpt":{"rendered":"<p>In jedem Monat ziert das Foto eines unserer Mitarbeiter unseren Familienplaner 2022. Die Zillertaler H\u00f6henstra\u00dfe in \u00d6sterreich inspirierte Lutz Lehmann aus unserem Service zu diesem Motiv. Lutz Lehmann arbeitet bei B\u00dcHNEN als Servicetechniker in der Abteilung Service und Fertigung. Wegen der Liebe nach Bremen 2014 zog es ihn in den Norden. Gemeinsam mit seiner Frau renoviert er sein Eigenheim. Bis [&hellip;]<\/p>\n","protected":false},"author":1,"featured_media":0,"comment_status":"open","ping_status":"open","sticky":false,"template":"","format":"standard","meta":{"jetpack_post_was_ever_published":false,"_jetpack_newsletter_access":"","_jetpack_dont_email_post_to_subs":false,"_jetpack_newsletter_tier_id":0,"_jetpack_memberships_contains_paywalled_content":false,"_jetpack_memberships_contains_paid_content":false,"footnotes":"","jetpack_publicize_message":"","jetpack_publicize_feature_enabled":true,"jetpack_social_post_already_shared":false,"jetpack_social_options":{"image_generator_settings":{"template":"highway","default_image_id":0,"font":"","enabled":false},"version":2}},"categories":[135],"tags":[87,38,25,27,28],"class_list":["post-586","post","type-post","status-publish","format-standard","hentry","category-familienplaner","tag-87","tag-backstage","tag-familienplaner","tag-fotos","tag-kalender"],"jetpack_publicize_connections":[],"jetpack_featured_media_url":"","jetpack_sharing_enabled":true,"jetpack_likes_enabled":true,"_links":{"self":[{"href":"https:\/\/www.buehnen.de\/blog\/wp-json\/wp\/v2\/posts\/586","targetHints":{"allow":["GET"]}}],"collection":[{"href":"https:\/\/www.buehnen.de\/blog\/wp-json\/wp\/v2\/posts"}],"about":[{"href":"https:\/\/www.buehnen.de\/blog\/wp-json\/wp\/v2\/types\/post"}],"author":[{"embeddable":true,"href":"https:\/\/www.buehnen.de\/blog\/wp-json\/wp\/v2\/users\/1"}],"replies":[{"embeddable":true,"href":"https:\/\/www.buehnen.de\/blog\/wp-json\/wp\/v2\/comments?post=586"}],"version-history":[{"count":3,"href":"https:\/\/www.buehnen.de\/blog\/wp-json\/wp\/v2\/posts\/586\/revisions"}],"predecessor-version":[{"id":693,"href":"https:\/\/www.buehnen.de\/blog\/wp-json\/wp\/v2\/posts\/586\/revisions\/693"}],"wp:attachment":[{"href":"https:\/\/www.buehnen.de\/blog\/wp-json\/wp\/v2\/media?parent=586"}],"wp:term":[{"taxonomy":"category","embeddable":true,"href":"https:\/\/www.buehnen.de\/blog\/wp-json\/wp\/v2\/categories?post=586"},{"taxonomy":"post_tag","embeddable":true,"href":"https:\/\/www.buehnen.de\/blog\/wp-json\/wp\/v2\/tags?post=586"}],"curies":[{"name":"wp","href":"https:\/\/api.w.org\/{rel}","templated":true}]}}