{"id":592,"date":"2022-06-30T09:37:00","date_gmt":"2022-06-30T07:37:00","guid":{"rendered":"https:\/\/www.buehnen.de\/blog\/?p=592"},"modified":"2024-08-20T10:25:17","modified_gmt":"2024-08-20T08:25:17","slug":"familienplaner-2022-juli-vilsalpsee","status":"publish","type":"post","link":"https:\/\/www.buehnen.de\/blog\/familienplaner-2022-juli-vilsalpsee\/","title":{"rendered":"Familienplaner 2022 \/ Juli \u2013 \u201eVilsalpsee\u201c"},"content":{"rendered":"\n<p>In jedem Monat ziert das Foto eines unserer Mitarbeiter unseren Familienplaner 2022. Der ruhig gelegene Vilsalpsee in \u00d6sterreich inspirierte unserer Gesch\u00e4ftsf\u00fchrer Jan Hunke zu diesem Motiv.<\/p>\n\n\n\n<div class=\"wp-block-image\"><figure class=\"aligncenter size-full\"><img data-recalc-dims=\"1\" loading=\"lazy\" decoding=\"async\" width=\"724\" height=\"1024\" src=\"https:\/\/i0.wp.com\/www.buehnen.de\/blog\/wp-content\/uploads\/2021\/11\/Familienkalender_2022_07.jpg?resize=724%2C1024&#038;ssl=1\" alt=\"\" class=\"wp-image-594\" srcset=\"https:\/\/i0.wp.com\/www.buehnen.de\/blog\/wp-content\/uploads\/2021\/11\/Familienkalender_2022_07.jpg?w=724&amp;ssl=1 724w, https:\/\/i0.wp.com\/www.buehnen.de\/blog\/wp-content\/uploads\/2021\/11\/Familienkalender_2022_07.jpg?resize=212%2C300&amp;ssl=1 212w\" sizes=\"auto, (max-width: 724px) 100vw, 724px\" \/><\/figure><\/div>\n\n\n\n<h3 class=\"wp-block-heading\"><strong>Jan Hunke<\/strong><\/h3>\n\n\n\n<p>Gesch\u00e4ftsf\u00fchrer und Mitgesellschafter bei B\u00dcHNEN<\/p>\n\n\n\n<div class=\"wp-block-image\"><figure class=\"alignright size-full is-resized\"><img data-recalc-dims=\"1\" loading=\"lazy\" decoding=\"async\" src=\"https:\/\/i0.wp.com\/www.buehnen.de\/blog\/wp-content\/uploads\/2022\/06\/Jan_Hunke_Kalenderbild.jpg?resize=156%2C228&#038;ssl=1\" alt=\"\" class=\"wp-image-698\" width=\"156\" height=\"228\"\/><\/figure><\/div>\n\n\n\n<h4 class=\"wp-block-heading\">Begeisterter Bremer<\/h4>\n\n\n\n<p>Privat ist der Vater einer Tochter und eines Sohnes seit 2018 begeisterter Bremer. Urspr\u00fcnglich aus<br>Karlsruhe stammend, reizen ihn neben den flachen Weiten Norddeutschlands auch immer noch bergige<br>Landschaften. Reisen war von jeher seine Leidenschaft \u2013 vor den Kindern h\u00e4ufiger und spontaner,<br>jetzt aufgrund der Schulferien zeitlich eingeschr\u00e4nkter. Im Alltag besch\u00e4ftigt sich Jan Hunke gerne mit<br>Haus und Garten und der Familie bzw. den Aktivit\u00e4ten der Kinder. Wenn es die Zeit noch zul\u00e4sst, trifft<br>man ihn auf dem Tennisplatz oder beim Joggen.<\/p>\n\n\n\n<h4 class=\"wp-block-heading\">S<strong>eit 2018 bei B\u00dcHNEN<\/strong><\/h4>\n\n\n\n<p>Bevor Jan Hunke zu B\u00dcHNEN kam, war er f\u00fcr verschiedene Gro\u00dfkonzerne zumeist im Vertrieb t\u00e4tig.<br>An B\u00dcHNEN sch\u00e4tzt er besonders den famili\u00e4ren Umgang unter den Kollegen sowie die wertsch\u00e4tzende<br>und nachhaltige Partnerschaft mit unseren Kunden und Lieferanten. Die Angebotsbreite von B\u00dcHNEN<br>ist einzigartig und bietet noch viel Potenzial f\u00fcr zuk\u00fcnftige Entwicklungen. Die Leidenschaft f\u00fcr<br>Klebstoff brennt bei ihm schon l\u00e4nger und er freut sich, nun das perfekte Umfeld gefunden zu haben,<br>um dieser Leidenschaft nachzugehen.<\/p>\n\n\n\n<p>\u201e<em>Der Vilsalpsee ist ein 1165 m hochgelegener See im \u00f6sterreichischen Teil der Allg\u00e4uer Alpen. Ihn durch\uf002ie\u00dft der Fluss Vils. Unterhalb von Gaishorn und Rauhorn gelegen, ist er ein viel besuchtes Touristenziel im Tannheimer Tal. Die Aufnahme entstand von Bord eines Ruderbootes inmitten des Sees.\u201c<\/em><\/p>\n\n\n\n<p><br><strong>Kamera:<\/strong> Nikon D3000<br><strong>Objektiv:<\/strong> 18-250 mm, f 3.5-6.3, 18 mm<br><strong>Blende:<\/strong> f 3.5<br><strong>Belichtungszeit:<\/strong> 1\/4000 s<br><strong>ISO-Filmempfindlichkeit:<\/strong> ISO 280<br><strong>Ort:<\/strong> \u00d6sterreich, Vilsalpsee<\/p>\n","protected":false},"excerpt":{"rendered":"<p>In jedem Monat ziert das Foto eines unserer Mitarbeiter unseren Familienplaner 2022. Der ruhig gelegene Vilsalpsee in \u00d6sterreich inspirierte unserer Gesch\u00e4ftsf\u00fchrer Jan Hunke zu diesem Motiv. Jan Hunke Gesch\u00e4ftsf\u00fchrer und Mitgesellschafter bei B\u00dcHNEN Begeisterter Bremer Privat ist der Vater einer Tochter und eines Sohnes seit 2018 begeisterter Bremer. Urspr\u00fcnglich ausKarlsruhe stammend, reizen ihn neben den flachen Weiten Norddeutschlands auch immer [&hellip;]<\/p>\n","protected":false},"author":1,"featured_media":0,"comment_status":"open","ping_status":"open","sticky":false,"template":"","format":"standard","meta":{"jetpack_post_was_ever_published":false,"_jetpack_newsletter_access":"","_jetpack_dont_email_post_to_subs":false,"_jetpack_newsletter_tier_id":0,"_jetpack_memberships_contains_paywalled_content":false,"_jetpack_memberships_contains_paid_content":false,"footnotes":"","jetpack_publicize_message":"","jetpack_publicize_feature_enabled":true,"jetpack_social_post_already_shared":false,"jetpack_social_options":{"image_generator_settings":{"template":"highway","default_image_id":0,"font":"","enabled":false},"version":2}},"categories":[135],"tags":[87,38,25,27,28],"class_list":["post-592","post","type-post","status-publish","format-standard","hentry","category-familienplaner","tag-87","tag-backstage","tag-familienplaner","tag-fotos","tag-kalender"],"jetpack_publicize_connections":[],"jetpack_featured_media_url":"","jetpack_sharing_enabled":true,"jetpack_likes_enabled":true,"_links":{"self":[{"href":"https:\/\/www.buehnen.de\/blog\/wp-json\/wp\/v2\/posts\/592","targetHints":{"allow":["GET"]}}],"collection":[{"href":"https:\/\/www.buehnen.de\/blog\/wp-json\/wp\/v2\/posts"}],"about":[{"href":"https:\/\/www.buehnen.de\/blog\/wp-json\/wp\/v2\/types\/post"}],"author":[{"embeddable":true,"href":"https:\/\/www.buehnen.de\/blog\/wp-json\/wp\/v2\/users\/1"}],"replies":[{"embeddable":true,"href":"https:\/\/www.buehnen.de\/blog\/wp-json\/wp\/v2\/comments?post=592"}],"version-history":[{"count":2,"href":"https:\/\/www.buehnen.de\/blog\/wp-json\/wp\/v2\/posts\/592\/revisions"}],"predecessor-version":[{"id":699,"href":"https:\/\/www.buehnen.de\/blog\/wp-json\/wp\/v2\/posts\/592\/revisions\/699"}],"wp:attachment":[{"href":"https:\/\/www.buehnen.de\/blog\/wp-json\/wp\/v2\/media?parent=592"}],"wp:term":[{"taxonomy":"category","embeddable":true,"href":"https:\/\/www.buehnen.de\/blog\/wp-json\/wp\/v2\/categories?post=592"},{"taxonomy":"post_tag","embeddable":true,"href":"https:\/\/www.buehnen.de\/blog\/wp-json\/wp\/v2\/tags?post=592"}],"curies":[{"name":"wp","href":"https:\/\/api.w.org\/{rel}","templated":true}]}}