{"id":831,"date":"2022-08-03T10:19:19","date_gmt":"2022-08-03T08:19:19","guid":{"rendered":"https:\/\/www.buehnen.de\/blog\/?p=831"},"modified":"2022-08-03T10:19:19","modified_gmt":"2022-08-03T08:19:19","slug":"100-jahre-buhnen-03-08-2022","status":"publish","type":"post","link":"https:\/\/www.buehnen.de\/blog\/100-jahre-buhnen-03-08-2022\/","title":{"rendered":"100 Jahre B\u00dcHNEN &#8211; 03.08.2022"},"content":{"rendered":"\n<p><strong>1922 &#8211; 2022: Heute am 3. August 2022 besteht das Unternehmen B\u00dcHNEN GmbH &amp; Co. KG seit 100 Jahren.<\/strong><\/p>\n\n\n\n<p>Alles begann mit der Etablierung einer Schlosserwerkstatt. Mit Ideen und Kompetenz machte der Schlossermeister Heinrich B\u00fchnen aus einem kleinen handwerklichen Betrieb eine<strong> vielseitige Maschinenfabrik<\/strong>. <\/p>\n\n\n<div class=\"wp-block-image\">\n<figure class=\"aligncenter size-large is-resized\"><img data-recalc-dims=\"1\" loading=\"lazy\" decoding=\"async\" src=\"https:\/\/i0.wp.com\/www.buehnen.de\/blog\/wp-content\/uploads\/2022\/08\/Abb.-16-ab-1945-Werbung-Handzettel-Programm-Heinrich-Buehnen-1.jpg?resize=512%2C337&#038;ssl=1\" alt=\"\" class=\"wp-image-835\" width=\"512\" height=\"337\" srcset=\"https:\/\/i0.wp.com\/www.buehnen.de\/blog\/wp-content\/uploads\/2022\/08\/Abb.-16-ab-1945-Werbung-Handzettel-Programm-Heinrich-Buehnen-1-scaled.jpg?resize=1024%2C673&amp;ssl=1 1024w, https:\/\/i0.wp.com\/www.buehnen.de\/blog\/wp-content\/uploads\/2022\/08\/Abb.-16-ab-1945-Werbung-Handzettel-Programm-Heinrich-Buehnen-1-scaled.jpg?resize=300%2C197&amp;ssl=1 300w, https:\/\/i0.wp.com\/www.buehnen.de\/blog\/wp-content\/uploads\/2022\/08\/Abb.-16-ab-1945-Werbung-Handzettel-Programm-Heinrich-Buehnen-1-scaled.jpg?resize=768%2C505&amp;ssl=1 768w, https:\/\/i0.wp.com\/www.buehnen.de\/blog\/wp-content\/uploads\/2022\/08\/Abb.-16-ab-1945-Werbung-Handzettel-Programm-Heinrich-Buehnen-1-scaled.jpg?resize=1536%2C1009&amp;ssl=1 1536w, https:\/\/i0.wp.com\/www.buehnen.de\/blog\/wp-content\/uploads\/2022\/08\/Abb.-16-ab-1945-Werbung-Handzettel-Programm-Heinrich-Buehnen-1-scaled.jpg?resize=2048%2C1346&amp;ssl=1 2048w, https:\/\/i0.wp.com\/www.buehnen.de\/blog\/wp-content\/uploads\/2022\/08\/Abb.-16-ab-1945-Werbung-Handzettel-Programm-Heinrich-Buehnen-1-scaled.jpg?w=1720&amp;ssl=1 1720w\" sizes=\"auto, (max-width: 512px) 100vw, 512px\" \/><\/figure>\n<\/div>\n\n\n<p>Zu Beginn des Zweiten Weltkrieges musste die Produktion von Polstermaschinen aufgegeben werden. In der Nachkriegszeit baute Heinrich B\u00fchnen gemeinsam mit seinem Sohn den kriegszerst\u00f6rten Betrieb wieder auf. <strong>Nach dem Tod seines Vaters \u00fcbernahm Heinz B\u00fchnen die alleinige Verantwortung und wandte sich mit gro\u00dfem Interesse technologischen Innovationen zu.<\/strong><\/p>\n\n\n<div class=\"wp-block-image\">\n<figure class=\"aligncenter size-large is-resized\"><img data-recalc-dims=\"1\" loading=\"lazy\" decoding=\"async\" src=\"https:\/\/i0.wp.com\/www.buehnen.de\/blog\/wp-content\/uploads\/2022\/08\/Abb.-67-ab-1959-Prospekt-Senco-1.jpg?resize=512%2C247&#038;ssl=1\" alt=\"\" class=\"wp-image-836\" width=\"512\" height=\"247\" srcset=\"https:\/\/i0.wp.com\/www.buehnen.de\/blog\/wp-content\/uploads\/2022\/08\/Abb.-67-ab-1959-Prospekt-Senco-1-scaled.jpg?resize=1024%2C493&amp;ssl=1 1024w, https:\/\/i0.wp.com\/www.buehnen.de\/blog\/wp-content\/uploads\/2022\/08\/Abb.-67-ab-1959-Prospekt-Senco-1-scaled.jpg?resize=300%2C144&amp;ssl=1 300w, https:\/\/i0.wp.com\/www.buehnen.de\/blog\/wp-content\/uploads\/2022\/08\/Abb.-67-ab-1959-Prospekt-Senco-1-scaled.jpg?resize=768%2C370&amp;ssl=1 768w, https:\/\/i0.wp.com\/www.buehnen.de\/blog\/wp-content\/uploads\/2022\/08\/Abb.-67-ab-1959-Prospekt-Senco-1-scaled.jpg?resize=1536%2C739&amp;ssl=1 1536w, https:\/\/i0.wp.com\/www.buehnen.de\/blog\/wp-content\/uploads\/2022\/08\/Abb.-67-ab-1959-Prospekt-Senco-1-scaled.jpg?resize=2048%2C985&amp;ssl=1 2048w, https:\/\/i0.wp.com\/www.buehnen.de\/blog\/wp-content\/uploads\/2022\/08\/Abb.-67-ab-1959-Prospekt-Senco-1-scaled.jpg?w=1720&amp;ssl=1 1720w\" sizes=\"auto, (max-width: 512px) 100vw, 512px\" \/><\/figure>\n<\/div>\n\n\n<p>Sein Sohn Heinz B\u00fchnen baute die Firma mit der Erg\u00e4nzung um die Befestigungstechik zur international agierenden Unternehmensgruppe B\u00fchnen aus.  Das neue Unternehmen Heinz B\u00fchnen KG wurde Lizenznehmer der SENCO, einem US-amerikanischen Hersteller von Befestigungssystemen. Die Klammer- und Nagelger\u00e4te wurden beim Maschinenbauer Heinrich B\u00fchnen KG modifiziert und technologisch weiterentwickelt.<br><\/p>\n\n\n\n<h3 class=\"wp-block-heading\">Die 1970er Jahre: Einstieg in die Schmelzklebstofftechnik<\/h3>\n\n\n\n<p>In den 1970er Jahren entdeckte Heinz B\u00fchnen die Schmelzklebstofftechnik als zukunftsweisendes Gesch\u00e4ftsfeld. Angefangen mit einer kleinen Handklebepistole, dem Klebecolt, erschloss sich das Unternehmen mit eigenen, zum Teil patentierten Erfindungen und technischen Weiterentwicklungen von Handger\u00e4ten, Schmelzger\u00e4ten und Schmelzklebstoffen M\u00e4rkte im In- und Ausland<\/p>\n\n\n<div class=\"wp-block-image\">\n<figure class=\"aligncenter size-large is-resized\"><img data-recalc-dims=\"1\" loading=\"lazy\" decoding=\"async\" src=\"https:\/\/i0.wp.com\/www.buehnen.de\/blog\/wp-content\/uploads\/2022\/08\/Abb.-115-1975_Klebecolt-Prospekt-S1.jpg?resize=365%2C512&#038;ssl=1\" alt=\"\" class=\"wp-image-838\" width=\"365\" height=\"512\" srcset=\"https:\/\/i0.wp.com\/www.buehnen.de\/blog\/wp-content\/uploads\/2022\/08\/Abb.-115-1975_Klebecolt-Prospekt-S1-scaled.jpg?resize=729%2C1024&amp;ssl=1 729w, https:\/\/i0.wp.com\/www.buehnen.de\/blog\/wp-content\/uploads\/2022\/08\/Abb.-115-1975_Klebecolt-Prospekt-S1-scaled.jpg?resize=214%2C300&amp;ssl=1 214w, https:\/\/i0.wp.com\/www.buehnen.de\/blog\/wp-content\/uploads\/2022\/08\/Abb.-115-1975_Klebecolt-Prospekt-S1-scaled.jpg?resize=768%2C1078&amp;ssl=1 768w, https:\/\/i0.wp.com\/www.buehnen.de\/blog\/wp-content\/uploads\/2022\/08\/Abb.-115-1975_Klebecolt-Prospekt-S1-scaled.jpg?resize=1094%2C1536&amp;ssl=1 1094w, https:\/\/i0.wp.com\/www.buehnen.de\/blog\/wp-content\/uploads\/2022\/08\/Abb.-115-1975_Klebecolt-Prospekt-S1-scaled.jpg?resize=1459%2C2048&amp;ssl=1 1459w, https:\/\/i0.wp.com\/www.buehnen.de\/blog\/wp-content\/uploads\/2022\/08\/Abb.-115-1975_Klebecolt-Prospekt-S1-scaled.jpg?w=1824&amp;ssl=1 1824w, https:\/\/i0.wp.com\/www.buehnen.de\/blog\/wp-content\/uploads\/2022\/08\/Abb.-115-1975_Klebecolt-Prospekt-S1-scaled.jpg?w=1720&amp;ssl=1 1720w\" sizes=\"auto, (max-width: 365px) 100vw, 365px\" \/><\/figure>\n<\/div>\n\n\n<p>In der dritten Generation fand im Zuge der Konsolidierung der B\u00dcHNEN GmbH &amp; Co. KG die Konzentration auf die Schmelzklebstofftechnik statt.<\/p>\n\n\n\n<div class=\"wp-block-columns is-layout-flex wp-container-core-columns-is-layout-9d6595d7 wp-block-columns-is-layout-flex\">\n<div class=\"wp-block-column is-vertically-aligned-top is-layout-flow wp-block-column-is-layout-flow\" style=\"flex-basis:100%\">\n<h3 class=\"wp-block-heading\">B\u00fchnen heute<\/h3>\n<\/div>\n<\/div>\n\n\n\n<p><strong>Heute ist die B\u00dcHNEN GmbH &amp; Co. KG ein international agierendes Unternehmen f\u00fcr Klebesysteme. Leitender Gedanke war und ist im Laufe der Firmengeschichte B\u00dcHNEN die Verbindung von Mensch und Maschinen, von Dienstleistungen und Produkt, mit dem Ziel. L\u00f6sungen f\u00fcr unsere Kunden zu schaffen.<\/strong><\/p>\n\n\n\n<figure class=\"wp-block-image size-large\"><img data-recalc-dims=\"1\" loading=\"lazy\" decoding=\"async\" width=\"860\" height=\"574\" src=\"https:\/\/i0.wp.com\/www.buehnen.de\/blog\/wp-content\/uploads\/2022\/08\/Abb.-359-Team_Tagung-2019_4.jpg?resize=860%2C574&#038;ssl=1\" alt=\"\" class=\"wp-image-843\" srcset=\"https:\/\/i0.wp.com\/www.buehnen.de\/blog\/wp-content\/uploads\/2022\/08\/Abb.-359-Team_Tagung-2019_4-scaled.jpg?resize=1024%2C684&amp;ssl=1 1024w, https:\/\/i0.wp.com\/www.buehnen.de\/blog\/wp-content\/uploads\/2022\/08\/Abb.-359-Team_Tagung-2019_4-scaled.jpg?resize=300%2C200&amp;ssl=1 300w, https:\/\/i0.wp.com\/www.buehnen.de\/blog\/wp-content\/uploads\/2022\/08\/Abb.-359-Team_Tagung-2019_4-scaled.jpg?resize=768%2C513&amp;ssl=1 768w, https:\/\/i0.wp.com\/www.buehnen.de\/blog\/wp-content\/uploads\/2022\/08\/Abb.-359-Team_Tagung-2019_4-scaled.jpg?resize=1536%2C1025&amp;ssl=1 1536w, https:\/\/i0.wp.com\/www.buehnen.de\/blog\/wp-content\/uploads\/2022\/08\/Abb.-359-Team_Tagung-2019_4-scaled.jpg?resize=2048%2C1367&amp;ssl=1 2048w, https:\/\/i0.wp.com\/www.buehnen.de\/blog\/wp-content\/uploads\/2022\/08\/Abb.-359-Team_Tagung-2019_4-scaled.jpg?w=1720&amp;ssl=1 1720w\" sizes=\"auto, (max-width: 860px) 100vw, 860px\" \/><\/figure>\n","protected":false},"excerpt":{"rendered":"<p>In den &#8222;Goldenen Zwanziger Jahren&#8220; lie\u00df sich Heinrich B\u00fchnen von der allgemeinen Hochstimmung anstecken und gr\u00fcndete sein eigenes Unternehmen.<\/p>\n","protected":false},"author":2,"featured_media":833,"comment_status":"open","ping_status":"open","sticky":false,"template":"","format":"standard","meta":{"jetpack_post_was_ever_published":false,"_jetpack_newsletter_access":"","_jetpack_dont_email_post_to_subs":false,"_jetpack_newsletter_tier_id":0,"_jetpack_memberships_contains_paywalled_content":false,"_jetpack_memberships_contains_paid_content":false,"footnotes":"","jetpack_publicize_message":"","jetpack_publicize_feature_enabled":true,"jetpack_social_post_already_shared":false,"jetpack_social_options":{"image_generator_settings":{"template":"highway","default_image_id":0,"font":"","enabled":false},"version":2}},"categories":[1],"tags":[87,38],"class_list":["post-831","post","type-post","status-publish","format-standard","has-post-thumbnail","hentry","category-allgemein","tag-87","tag-backstage"],"jetpack_publicize_connections":[],"jetpack_featured_media_url":"https:\/\/i0.wp.com\/www.buehnen.de\/blog\/wp-content\/uploads\/2022\/08\/Abb.-7-1930-ca-Logo-Heinrich-Buehnen-scaled.jpg?fit=2560%2C810&ssl=1","jetpack_sharing_enabled":true,"jetpack_likes_enabled":true,"_links":{"self":[{"href":"https:\/\/www.buehnen.de\/blog\/wp-json\/wp\/v2\/posts\/831","targetHints":{"allow":["GET"]}}],"collection":[{"href":"https:\/\/www.buehnen.de\/blog\/wp-json\/wp\/v2\/posts"}],"about":[{"href":"https:\/\/www.buehnen.de\/blog\/wp-json\/wp\/v2\/types\/post"}],"author":[{"embeddable":true,"href":"https:\/\/www.buehnen.de\/blog\/wp-json\/wp\/v2\/users\/2"}],"replies":[{"embeddable":true,"href":"https:\/\/www.buehnen.de\/blog\/wp-json\/wp\/v2\/comments?post=831"}],"version-history":[{"count":8,"href":"https:\/\/www.buehnen.de\/blog\/wp-json\/wp\/v2\/posts\/831\/revisions"}],"predecessor-version":[{"id":851,"href":"https:\/\/www.buehnen.de\/blog\/wp-json\/wp\/v2\/posts\/831\/revisions\/851"}],"wp:featuredmedia":[{"embeddable":true,"href":"https:\/\/www.buehnen.de\/blog\/wp-json\/wp\/v2\/media\/833"}],"wp:attachment":[{"href":"https:\/\/www.buehnen.de\/blog\/wp-json\/wp\/v2\/media?parent=831"}],"wp:term":[{"taxonomy":"category","embeddable":true,"href":"https:\/\/www.buehnen.de\/blog\/wp-json\/wp\/v2\/categories?post=831"},{"taxonomy":"post_tag","embeddable":true,"href":"https:\/\/www.buehnen.de\/blog\/wp-json\/wp\/v2\/tags?post=831"}],"curies":[{"name":"wp","href":"https:\/\/api.w.org\/{rel}","templated":true}]}}